{"id":1212,"date":"2016-06-03T21:48:04","date_gmt":"2016-06-03T19:48:04","guid":{"rendered":"http:\/\/afk-lembach.at\/amesedt\/?p=1212"},"modified":"2016-06-04T14:37:46","modified_gmt":"2016-06-04T12:37:46","slug":"brand-landwirschaftliches-anwesen-in-putzleinsdorf","status":"publish","type":"post","link":"https:\/\/afk-lembach.at\/amesedt\/2016\/06\/03\/brand-landwirschaftliches-anwesen-in-putzleinsdorf\/","title":{"rendered":"Brand landwirschaftliches Anwesen in Putzleinsdorf"},"content":{"rendered":"<p>Am 02.06.2016 wurden wir \u00a0um 11:18 zu einem Brand in einem landwirtschaftlichen Anwesen in Schrattendoppl in der Gemeinde Putzleinsdorf gerufen.<\/p>\n<p style=\"text-align: center\"><a href=\"https:\/\/afk-lembach.at\/amesedt\/files\/2016\/06\/IMAG1964.jpg\"><img loading=\"lazy\" decoding=\"async\" class=\"alignnone wp-image-1213\" src=\"https:\/\/afk-lembach.at\/amesedt\/files\/2016\/06\/IMAG1964-150x150.jpg\" alt=\"IMAG1964\" width=\"235\" height=\"235\" srcset=\"https:\/\/afk-lembach.at\/amesedt\/files\/2016\/06\/IMAG1964-150x150.jpg 150w, https:\/\/afk-lembach.at\/amesedt\/files\/2016\/06\/IMAG1964-100x100.jpg 100w\" sizes=\"(max-width: 235px) 100vw, 235px\" \/><\/a><\/p>\n<p>Da f\u00fcr einen l\u00e4nger andauernden L\u00f6scheinsatz das vorhandene L\u00f6schwasser knapp zu werden\u00a0drohte, wurde unverz\u00fcglich Alarmstufe 3 ausgel\u00f6st. Insgesamt waren 11 Feuerwehren an diesem Brand beteiligt.<\/p>\n<p>Unsere Aufgabe war es, von einem weit entfernten L\u00f6schwasserbeh\u00e4lter\u00a0 eine L\u00f6schwasserleitung zu verlegen.<\/p>\n<p style=\"text-align: center\">Die Feuerwehr Amesedt war mit 12 Mann von 11:18 bis 17:30 im Einsatz<\/p>\n<p style=\"text-align: center\">\n","protected":false},"excerpt":{"rendered":"<p>Am 02.06.2016 wurden wir \u00a0um 11:18 zu einem Brand in einem landwirtschaftlichen Anwesen in Schrattendoppl in der Gemeinde Putzleinsdorf gerufen. Da f\u00fcr einen l\u00e4nger andauernden L\u00f6scheinsatz das vorhandene L\u00f6schwasser knapp zu werden\u00a0drohte, wurde unverz\u00fcglich Alarmstufe 3 ausgel\u00f6st. Insgesamt waren 11 Feuerwehren an diesem Brand beteiligt. Unsere Aufgabe war es, von einem weit entfernten L\u00f6schwasserbeh\u00e4lter\u00a0 eine [&hellip;]<\/p>\n","protected":false},"author":34,"featured_media":0,"comment_status":"closed","ping_status":"closed","sticky":false,"template":"","format":"standard","meta":{"ngg_post_thumbnail":0,"footnotes":""},"categories":[10],"tags":[],"class_list":["post-1212","post","type-post","status-publish","format-standard","hentry","category-einsatz"],"_links":{"self":[{"href":"https:\/\/afk-lembach.at\/amesedt\/wp-json\/wp\/v2\/posts\/1212"}],"collection":[{"href":"https:\/\/afk-lembach.at\/amesedt\/wp-json\/wp\/v2\/posts"}],"about":[{"href":"https:\/\/afk-lembach.at\/amesedt\/wp-json\/wp\/v2\/types\/post"}],"author":[{"embeddable":true,"href":"https:\/\/afk-lembach.at\/amesedt\/wp-json\/wp\/v2\/users\/34"}],"replies":[{"embeddable":true,"href":"https:\/\/afk-lembach.at\/amesedt\/wp-json\/wp\/v2\/comments?post=1212"}],"version-history":[{"count":4,"href":"https:\/\/afk-lembach.at\/amesedt\/wp-json\/wp\/v2\/posts\/1212\/revisions"}],"predecessor-version":[{"id":1217,"href":"https:\/\/afk-lembach.at\/amesedt\/wp-json\/wp\/v2\/posts\/1212\/revisions\/1217"}],"wp:attachment":[{"href":"https:\/\/afk-lembach.at\/amesedt\/wp-json\/wp\/v2\/media?parent=1212"}],"wp:term":[{"taxonomy":"category","embeddable":true,"href":"https:\/\/afk-lembach.at\/amesedt\/wp-json\/wp\/v2\/categories?post=1212"},{"taxonomy":"post_tag","embeddable":true,"href":"https:\/\/afk-lembach.at\/amesedt\/wp-json\/wp\/v2\/tags?post=1212"}],"curies":[{"name":"wp","href":"https:\/\/api.w.org\/{rel}","templated":true}]}}