{"id":1553,"date":"2018-09-17T08:11:11","date_gmt":"2018-09-17T06:11:11","guid":{"rendered":"http:\/\/afk-lembach.at\/amesedt\/?p=1553"},"modified":"2018-09-17T08:11:11","modified_gmt":"2018-09-17T06:11:11","slug":"feuerwehrausflug-der-feuerwehr-amesedt-von-31-august-bis-01-september","status":"publish","type":"post","link":"https:\/\/afk-lembach.at\/amesedt\/2018\/09\/17\/feuerwehrausflug-der-feuerwehr-amesedt-von-31-august-bis-01-september\/","title":{"rendered":"Feuerwehrausflug der Feuerwehr Amesedt von 31. August bis 01. September"},"content":{"rendered":"<p>Los ging es am Freitag um 06:00 fr\u00fch beim Zeughaus in Amesedt.<\/p>\n<p>32 KameradInnen machten sich auf den Weg nach Spielberg zum Red Bull Ring.<\/p>\n<p>&nbsp;<\/p>\n<p><a href=\"https:\/\/afk-lembach.at\/amesedt\/files\/2018\/09\/Foto-01.09.18-14-52-18.jpg\"><img loading=\"lazy\" decoding=\"async\" class=\"size-large wp-image-1556 aligncenter\" src=\"https:\/\/afk-lembach.at\/amesedt\/files\/2018\/09\/Foto-01.09.18-14-52-18-1024x768.jpg\" alt=\"\" width=\"560\" height=\"420\" srcset=\"https:\/\/afk-lembach.at\/amesedt\/files\/2018\/09\/Foto-01.09.18-14-52-18-1024x768.jpg 1024w, https:\/\/afk-lembach.at\/amesedt\/files\/2018\/09\/Foto-01.09.18-14-52-18-300x225.jpg 300w, https:\/\/afk-lembach.at\/amesedt\/files\/2018\/09\/Foto-01.09.18-14-52-18-768x576.jpg 768w, https:\/\/afk-lembach.at\/amesedt\/files\/2018\/09\/Foto-01.09.18-14-52-18.jpg 1600w\" sizes=\"(max-width: 560px) 100vw, 560px\" \/><\/a><\/p>\n<p>Bei einer interessanten F\u00fchrung erfuhren wir \u00fcber die Vielf\u00e4ltigkeit der verschiedenen Sport-und Veranstaltungsm\u00f6glichkeiten am Red Bull Ring. Auch die Rennwagen der Red Bull Piloten wurden uns vorgestellt und mancher Kamerad lie\u00df es sich nicht nehmen, einmal in einem Rennfahrzeug Platz zu nehmen. Wir besichtigten die VIP- Lounge, das Mediacenter und durften vom Siegerpodest auf die Start-Ziel Gerade blicken.<\/p>\n<p>Nachdem wir uns gest\u00e4rkt hatten,durften wir mit dem Bus die Rennstrecke abfahren. Dies war f\u00fcr einige sicherlich ein H\u00f6hepunkt am Ring.<\/p>\n<p>Nun ging unsere Reise weiter an den Ortsrand von Graz, wo wir bereits zur Bauernolympiade erwarten wurden. In drei Gruppen aufgeteilt,konnten wir unser Geschick beimBogenschie\u00dfen, S\u00e4genund Gummistiefelwerfen unter Beweis stellen. Laut Aussage einiger \u201efachm\u00e4nnischer Beobachter\u201c soll es dabei etwas dubios zugegangen sein. Sieger wurden schlie\u00dflich die Wickinger, die es selbst nicht glauben konnten,dass sie trotz durchschnittlicher Leistung zum Sieger gek\u00fcrt wurden.<\/p>\n<p>Nach diesem lustigen Wettbewerb ging es zum Hotel Mercure nach Graz. Bei einem gemeinsamen Abendessen lie\u00dfen wir den ersten Tag gem\u00fctlich ausklingen.<\/p>\n<p>Am Samstagvormittag hatten wir die M\u00f6glichkeit das Wahrzeichen der Stadt Graz, den Uhrturm am Schlossberg zu besichtigen und den herrlichen Ausblick \u00fcber die Stadt zu genie\u00dfen.<\/p>\n<p>&nbsp;<\/p>\n<p>Dann fuhren wir zur\u00fcck in Richtung Steirischer Erzberg.Bei einer spannenden Hauly Fahrt erfuhren wir Interessantes \u00fcber den Erzabbau im Tagebau. Nach dieser imposanten Fahrt besuchten wir das Schaubergwerk und fuhren dabeiin kleinen Waggons 800 Meter in den Berg hinein.<\/p>\n<p>Bei einer F\u00fchrung informierte uns unser Guide\u00fcber den historischen Erzabbau unter Tage und manchen wurde bewusst unter welchen Bedingungen die Bergleute damals gearbeitet hatten.<\/p>\n<p>Nach diesem spannenden Nachmittag fuhren wir in Richtung St. Martin ins Gasthaus Tenne wo wir unseren Ausflug ausklingen lie\u00dfen.<\/p>\n<p>&nbsp;<\/p>\n<p style=\"text-align: center\">Ein Danke an die Organisatoren f\u00fcr die tolle Vorbereitung und das gute Gelingen dieses\u00a0Ausfluges!<\/p>\n<p style=\"text-align: center\">Wir freuen uns bereits jetzt auf den n\u00e4chsten Ausflug!<\/p>\n<p><a href=\"https:\/\/afk-lembach.at\/amesedt\/files\/2018\/09\/DSC_0234.jpg\"><img loading=\"lazy\" decoding=\"async\" class=\"size-large wp-image-1554 alignleft\" src=\"https:\/\/afk-lembach.at\/amesedt\/files\/2018\/09\/DSC_0234-1024x678.jpg\" alt=\"\" width=\"560\" height=\"371\" srcset=\"https:\/\/afk-lembach.at\/amesedt\/files\/2018\/09\/DSC_0234-1024x678.jpg 1024w, https:\/\/afk-lembach.at\/amesedt\/files\/2018\/09\/DSC_0234-300x199.jpg 300w, https:\/\/afk-lembach.at\/amesedt\/files\/2018\/09\/DSC_0234-768x509.jpg 768w\" sizes=\"(max-width: 560px) 100vw, 560px\" \/><\/a><a href=\"https:\/\/afk-lembach.at\/amesedt\/files\/2018\/09\/Foto-01.09.18-16-12-42.jpg\"><img loading=\"lazy\" decoding=\"async\" class=\"size-large wp-image-1557 alignright\" src=\"https:\/\/afk-lembach.at\/amesedt\/files\/2018\/09\/Foto-01.09.18-16-12-42-768x1024.jpg\" alt=\"\" width=\"560\" height=\"747\" srcset=\"https:\/\/afk-lembach.at\/amesedt\/files\/2018\/09\/Foto-01.09.18-16-12-42-768x1024.jpg 768w, https:\/\/afk-lembach.at\/amesedt\/files\/2018\/09\/Foto-01.09.18-16-12-42-225x300.jpg 225w\" sizes=\"(max-width: 560px) 100vw, 560px\" \/><\/a><\/p>\n<p><a href=\"https:\/\/afk-lembach.at\/amesedt\/files\/2018\/09\/DSC_0239.jpg\"><img loading=\"lazy\" decoding=\"async\" class=\"alignnone size-large wp-image-1555\" src=\"https:\/\/afk-lembach.at\/amesedt\/files\/2018\/09\/DSC_0239-1024x678.jpg\" alt=\"\" width=\"560\" height=\"371\" srcset=\"https:\/\/afk-lembach.at\/amesedt\/files\/2018\/09\/DSC_0239-1024x678.jpg 1024w, https:\/\/afk-lembach.at\/amesedt\/files\/2018\/09\/DSC_0239-300x199.jpg 300w, https:\/\/afk-lembach.at\/amesedt\/files\/2018\/09\/DSC_0239-768x509.jpg 768w\" sizes=\"(max-width: 560px) 100vw, 560px\" \/><\/a><\/p>\n<p>(Bericht AW Wei\u00df Bernhard)<\/p>\n","protected":false},"excerpt":{"rendered":"<p>Los ging es am Freitag um 06:00 fr\u00fch beim Zeughaus in Amesedt. 32 KameradInnen machten sich auf den Weg nach Spielberg zum Red Bull Ring. &nbsp; Bei einer interessanten F\u00fchrung erfuhren wir \u00fcber die Vielf\u00e4ltigkeit der verschiedenen Sport-und Veranstaltungsm\u00f6glichkeiten am Red Bull Ring. Auch die Rennwagen der Red Bull Piloten wurden uns vorgestellt und mancher [&hellip;]<\/p>\n","protected":false},"author":34,"featured_media":0,"comment_status":"closed","ping_status":"closed","sticky":false,"template":"","format":"standard","meta":{"ngg_post_thumbnail":0,"footnotes":""},"categories":[1],"tags":[],"class_list":["post-1553","post","type-post","status-publish","format-standard","hentry","category-allgemein"],"_links":{"self":[{"href":"https:\/\/afk-lembach.at\/amesedt\/wp-json\/wp\/v2\/posts\/1553"}],"collection":[{"href":"https:\/\/afk-lembach.at\/amesedt\/wp-json\/wp\/v2\/posts"}],"about":[{"href":"https:\/\/afk-lembach.at\/amesedt\/wp-json\/wp\/v2\/types\/post"}],"author":[{"embeddable":true,"href":"https:\/\/afk-lembach.at\/amesedt\/wp-json\/wp\/v2\/users\/34"}],"replies":[{"embeddable":true,"href":"https:\/\/afk-lembach.at\/amesedt\/wp-json\/wp\/v2\/comments?post=1553"}],"version-history":[{"count":3,"href":"https:\/\/afk-lembach.at\/amesedt\/wp-json\/wp\/v2\/posts\/1553\/revisions"}],"predecessor-version":[{"id":1560,"href":"https:\/\/afk-lembach.at\/amesedt\/wp-json\/wp\/v2\/posts\/1553\/revisions\/1560"}],"wp:attachment":[{"href":"https:\/\/afk-lembach.at\/amesedt\/wp-json\/wp\/v2\/media?parent=1553"}],"wp:term":[{"taxonomy":"category","embeddable":true,"href":"https:\/\/afk-lembach.at\/amesedt\/wp-json\/wp\/v2\/categories?post=1553"},{"taxonomy":"post_tag","embeddable":true,"href":"https:\/\/afk-lembach.at\/amesedt\/wp-json\/wp\/v2\/tags?post=1553"}],"curies":[{"name":"wp","href":"https:\/\/api.w.org\/{rel}","templated":true}]}}