{"id":551,"date":"2013-06-05T20:47:17","date_gmt":"2013-06-05T18:47:17","guid":{"rendered":"http:\/\/afk-lembach.at\/amesedt\/?p=551"},"modified":"2013-07-19T13:39:06","modified_gmt":"2013-07-19T11:39:06","slug":"hochwassereinsatz","status":"publish","type":"post","link":"https:\/\/afk-lembach.at\/amesedt\/2013\/06\/05\/hochwassereinsatz\/","title":{"rendered":"Hochwassereinsatz"},"content":{"rendered":"<p>&nbsp;<\/p>\n<p>Durch das verheerende Hochwasser an der Donau wurde auch unsere Feuerwehr alarmiert.<\/p>\n<p>Am Montag 3. Juni um 11:00 Uhr ging die erste Alarmierung durch das LFK ein. Der ungew\u00f6hnliche Einsatzort war in diesem Fall Passau, wo 11 Mann aus unser Wehr mit insgesamt 8 Feuerwehren aus dem\u00a0Bezirk Rohrbach im Einsatz waren. Durch das zeitige Abr\u00fccken konnten leider nur begrenzte Erfolge verzeichnet werden.<img loading=\"lazy\" decoding=\"async\" class=\"aligncenter size-full wp-image-553\" alt=\"DSCN0276 (480x640)\" src=\"https:\/\/afk-lembach.at\/amesedt\/files\/2013\/06\/DSCN0276-480x640.jpg\" width=\"194\" height=\"264\" \/><\/p>\n<p>Mit dem Aufr\u00e4umen konnte bereits am Dienstag um 11:00 Uhr in Niederranna begonnen werden, da die Donau um ca. 1,5 m zur\u00fcckgegangen war.<img loading=\"lazy\" decoding=\"async\" class=\"aligncenter size-full wp-image-552\" alt=\"DSCN0308 (640x480)\" src=\"https:\/\/afk-lembach.at\/amesedt\/files\/2013\/06\/DSCN0308-640x480.jpg\" width=\"356\" height=\"259\" \/><\/p>\n<p>Zwei Wohnh\u00e4user\u00a0konnten mit 9 Mann von Schlamm und Schmutz befreit werden. Die\u00a0\u00fcberfluteten Keller wurden ausgepumpt, ausger\u00e4umt und anschlie\u00dfend mit sauberem Wasser ausgewaschen.<\/p>\n<p>&nbsp;<\/p>\n\n\t\t\t<div id='551-1' class='gallery gallery-551 gallery-columns-1 gallery-size-thumbnail' itemscope itemtype='http:\/\/schema.org\/ImageGallery'>\n\t\t\t\t<div class='gallery-row gallery-col-1 gallery-clear'>\n\t\t\t\t\t<figure class='gallery-item col-1' itemprop='associatedMedia' itemscope itemtype='http:\/\/schema.org\/ImageObject'>\n\t\t\t\t\t\t<div class='gallery-icon landscape'><a href='https:\/\/afk-lembach.at\/amesedt\/files\/2013\/06\/DSCN0312-640x480.jpg' itemprop=\"contentURL\"><img loading=\"lazy\" decoding=\"async\" width=\"150\" height=\"150\" src=\"https:\/\/afk-lembach.at\/amesedt\/files\/2013\/06\/DSCN0312-640x480-150x150.jpg\" class=\"attachment-thumbnail size-thumbnail\" alt=\"\" srcset=\"https:\/\/afk-lembach.at\/amesedt\/files\/2013\/06\/DSCN0312-640x480-150x150.jpg 150w, https:\/\/afk-lembach.at\/amesedt\/files\/2013\/06\/DSCN0312-640x480-100x100.jpg 100w\" sizes=\"(max-width: 150px) 100vw, 150px\" itemprop=\"thumbnail\" \/><\/a><\/div>\n\t\t\t\t\t<\/figure>\n\t\t\t\t<\/div>\n\t\t\t\t<div class='gallery-row gallery-col-1 gallery-clear'>\n\t\t\t\t\t<figure class='gallery-item col-1' itemprop='associatedMedia' itemscope itemtype='http:\/\/schema.org\/ImageObject'>\n\t\t\t\t\t\t<div class='gallery-icon landscape'><a href='https:\/\/afk-lembach.at\/amesedt\/files\/2013\/06\/DSCN0319-640x480.jpg' itemprop=\"contentURL\"><img loading=\"lazy\" decoding=\"async\" width=\"150\" height=\"150\" src=\"https:\/\/afk-lembach.at\/amesedt\/files\/2013\/06\/DSCN0319-640x480-150x150.jpg\" class=\"attachment-thumbnail size-thumbnail\" alt=\"\" srcset=\"https:\/\/afk-lembach.at\/amesedt\/files\/2013\/06\/DSCN0319-640x480-150x150.jpg 150w, https:\/\/afk-lembach.at\/amesedt\/files\/2013\/06\/DSCN0319-640x480-100x100.jpg 100w\" sizes=\"(max-width: 150px) 100vw, 150px\" itemprop=\"thumbnail\" \/><\/a><\/div>\n\t\t\t\t\t<\/figure>\n\t\t\t\t<\/div>\n\t\t\t\t<div class='gallery-row gallery-col-1 gallery-clear'>\n\t\t\t\t\t<figure class='gallery-item col-1' itemprop='associatedMedia' itemscope itemtype='http:\/\/schema.org\/ImageObject'>\n\t\t\t\t\t\t<div class='gallery-icon landscape'><a href='https:\/\/afk-lembach.at\/amesedt\/files\/2013\/06\/DSCN0306-640x480.jpg' itemprop=\"contentURL\"><img loading=\"lazy\" decoding=\"async\" width=\"150\" height=\"150\" src=\"https:\/\/afk-lembach.at\/amesedt\/files\/2013\/06\/DSCN0306-640x480-150x150.jpg\" class=\"attachment-thumbnail size-thumbnail\" alt=\"\" srcset=\"https:\/\/afk-lembach.at\/amesedt\/files\/2013\/06\/DSCN0306-640x480-150x150.jpg 150w, https:\/\/afk-lembach.at\/amesedt\/files\/2013\/06\/DSCN0306-640x480-100x100.jpg 100w\" sizes=\"(max-width: 150px) 100vw, 150px\" itemprop=\"thumbnail\" \/><\/a><\/div>\n\t\t\t\t\t<\/figure>\n\t\t\t\t<\/div>\n\t\t\t\t<div class='gallery-row gallery-col-1 gallery-clear'>\n\t\t\t\t\t<figure class='gallery-item col-1' itemprop='associatedMedia' itemscope itemtype='http:\/\/schema.org\/ImageObject'>\n\t\t\t\t\t\t<div class='gallery-icon landscape'><a href='https:\/\/afk-lembach.at\/amesedt\/files\/2013\/06\/DSCN0323-640x480.jpg' itemprop=\"contentURL\"><img loading=\"lazy\" decoding=\"async\" width=\"150\" height=\"150\" src=\"https:\/\/afk-lembach.at\/amesedt\/files\/2013\/06\/DSCN0323-640x480-150x150.jpg\" class=\"attachment-thumbnail size-thumbnail\" alt=\"\" srcset=\"https:\/\/afk-lembach.at\/amesedt\/files\/2013\/06\/DSCN0323-640x480-150x150.jpg 150w, https:\/\/afk-lembach.at\/amesedt\/files\/2013\/06\/DSCN0323-640x480-100x100.jpg 100w\" sizes=\"(max-width: 150px) 100vw, 150px\" itemprop=\"thumbnail\" \/><\/a><\/div>\n\t\t\t\t\t<\/figure>\n\t\t\t\t<\/div>\n\t\t\t\t<div class='gallery-row gallery-col-1 gallery-clear'>\n\t\t\t\t\t<figure class='gallery-item col-1' itemprop='associatedMedia' itemscope itemtype='http:\/\/schema.org\/ImageObject'>\n\t\t\t\t\t\t<div class='gallery-icon landscape'><a href='https:\/\/afk-lembach.at\/amesedt\/files\/2013\/06\/DSCN0329-640x480.jpg' itemprop=\"contentURL\"><img loading=\"lazy\" decoding=\"async\" width=\"150\" height=\"150\" src=\"https:\/\/afk-lembach.at\/amesedt\/files\/2013\/06\/DSCN0329-640x480-150x150.jpg\" class=\"attachment-thumbnail size-thumbnail\" alt=\"\" srcset=\"https:\/\/afk-lembach.at\/amesedt\/files\/2013\/06\/DSCN0329-640x480-150x150.jpg 150w, https:\/\/afk-lembach.at\/amesedt\/files\/2013\/06\/DSCN0329-640x480-100x100.jpg 100w\" sizes=\"(max-width: 150px) 100vw, 150px\" itemprop=\"thumbnail\" \/><\/a><\/div>\n\t\t\t\t\t<\/figure>\n\t\t\t\t<\/div>\n\t\t\t<\/div><!-- .gallery -->\n\n<p>&nbsp;<\/p>\n","protected":false},"excerpt":{"rendered":"<p>&nbsp; Durch das verheerende Hochwasser an der Donau wurde auch unsere Feuerwehr alarmiert. Am Montag 3. Juni um 11:00 Uhr ging die erste Alarmierung durch das LFK ein. Der ungew\u00f6hnliche Einsatzort war in diesem Fall Passau, wo 11 Mann aus unser Wehr mit insgesamt 8 Feuerwehren aus dem\u00a0Bezirk Rohrbach im Einsatz waren. Durch das zeitige [&hellip;]<\/p>\n","protected":false},"author":31,"featured_media":0,"comment_status":"closed","ping_status":"closed","sticky":false,"template":"","format":"standard","meta":{"ngg_post_thumbnail":0,"footnotes":""},"categories":[10],"tags":[],"class_list":["post-551","post","type-post","status-publish","format-standard","hentry","category-einsatz"],"_links":{"self":[{"href":"https:\/\/afk-lembach.at\/amesedt\/wp-json\/wp\/v2\/posts\/551"}],"collection":[{"href":"https:\/\/afk-lembach.at\/amesedt\/wp-json\/wp\/v2\/posts"}],"about":[{"href":"https:\/\/afk-lembach.at\/amesedt\/wp-json\/wp\/v2\/types\/post"}],"author":[{"embeddable":true,"href":"https:\/\/afk-lembach.at\/amesedt\/wp-json\/wp\/v2\/users\/31"}],"replies":[{"embeddable":true,"href":"https:\/\/afk-lembach.at\/amesedt\/wp-json\/wp\/v2\/comments?post=551"}],"version-history":[{"count":14,"href":"https:\/\/afk-lembach.at\/amesedt\/wp-json\/wp\/v2\/posts\/551\/revisions"}],"predecessor-version":[{"id":561,"href":"https:\/\/afk-lembach.at\/amesedt\/wp-json\/wp\/v2\/posts\/551\/revisions\/561"}],"wp:attachment":[{"href":"https:\/\/afk-lembach.at\/amesedt\/wp-json\/wp\/v2\/media?parent=551"}],"wp:term":[{"taxonomy":"category","embeddable":true,"href":"https:\/\/afk-lembach.at\/amesedt\/wp-json\/wp\/v2\/categories?post=551"},{"taxonomy":"post_tag","embeddable":true,"href":"https:\/\/afk-lembach.at\/amesedt\/wp-json\/wp\/v2\/tags?post=551"}],"curies":[{"name":"wp","href":"https:\/\/api.w.org\/{rel}","templated":true}]}}