{"id":1206,"date":"2014-02-09T18:46:56","date_gmt":"2014-02-09T17:46:56","guid":{"rendered":"http:\/\/afk-lembach.at\/neustift\/?p=1206"},"modified":"2014-02-10T13:34:25","modified_gmt":"2014-02-10T12:34:25","slug":"ehemaliger-schriftfuehrer-der-ff-neustift-verstorben","status":"publish","type":"post","link":"https:\/\/afk-lembach.at\/neustift\/2014\/02\/09\/ehemaliger-schriftfuehrer-der-ff-neustift-verstorben\/","title":{"rendered":"Ehemaliger Schriftf\u00fchrer der FF Neustift verstorben"},"content":{"rendered":"<p>Am Wochenende erreichte uns die traurige Nachricht, das unser fr\u00fcherer Schriftf\u00fchrer E-AW Johann Lachtner verstorben ist.<\/p>\n<p>Johann Lachtner war 64 Jahre Mitglied der FF Neustift, bei der er auch einige Jahre als Schriftf\u00fchrer im Kommando t\u00e4tig war.<\/p>\n<p><a href=\"https:\/\/afk-lembach.at\/neustift\/files\/2014\/02\/IMG_0007.2.jpg\"><img loading=\"lazy\" decoding=\"async\" class=\"wp-image-1209 alignnone\" alt=\"E-AW Lachtner Johann\" src=\"https:\/\/afk-lembach.at\/neustift\/files\/2014\/02\/IMG_0007.2.jpg\" width=\"250\" height=\"200\" \/><\/a><\/p>\n<p>2010 erhielt er die 60 j\u00e4hrige Ehrenurkunde von der FF Neustift \u00fcberreicht.<\/p>\n<p>Johann Lachtner wurde 88 Jahre alt.<\/p>\n<p>Ruhe in Frieden<\/p>\n<p>Das Kommando der FF Neustift<\/p>\n<p>&nbsp;<\/p>\n<p>Die Beisetzung findet am Dienstag 11. Februar um 14 Uhr statt.<\/p>\n<p>&nbsp;<\/p>\n<p>&nbsp;<\/p>\n<p>&nbsp;<\/p>\n","protected":false},"excerpt":{"rendered":"<p>Am Wochenende erreichte uns die traurige Nachricht, das unser fr\u00fcherer Schriftf\u00fchrer E-AW Johann Lachtner verstorben ist. Johann Lachtner war 64 Jahre Mitglied der FF Neustift, bei der er auch einige Jahre als Schriftf\u00fchrer im Kommando t\u00e4tig war. 2010 erhielt er die 60 j\u00e4hrige Ehrenurkunde von der FF Neustift \u00fcberreicht. Johann Lachtner wurde 88 Jahre alt. [&hellip;]<\/p>\n","protected":false},"author":3,"featured_media":0,"comment_status":"closed","ping_status":"closed","sticky":false,"template":"","format":"standard","meta":{"ngg_post_thumbnail":0,"jetpack_post_was_ever_published":false,"_jetpack_newsletter_access":"","_jetpack_dont_email_post_to_subs":false,"_jetpack_newsletter_tier_id":0,"_jetpack_memberships_contains_paywalled_content":false,"_jetpack_memberships_contains_paid_content":false,"footnotes":"","jetpack_publicize_message":"","jetpack_publicize_feature_enabled":true,"jetpack_social_post_already_shared":true,"jetpack_social_options":{"image_generator_settings":{"template":"highway","enabled":false},"version":2}},"categories":[1],"tags":[17,10,25,14],"class_list":["post-1206","post","type-post","status-publish","format-standard","hentry","category-allgemein","tag-feuerwehr-neustift","tag-ff-neustift","tag-lachtner-johann","tag-neustift"],"jetpack_publicize_connections":[],"jetpack_featured_media_url":"","jetpack_shortlink":"https:\/\/wp.me\/p35J5s-js","jetpack_sharing_enabled":true,"_links":{"self":[{"href":"https:\/\/afk-lembach.at\/neustift\/wp-json\/wp\/v2\/posts\/1206"}],"collection":[{"href":"https:\/\/afk-lembach.at\/neustift\/wp-json\/wp\/v2\/posts"}],"about":[{"href":"https:\/\/afk-lembach.at\/neustift\/wp-json\/wp\/v2\/types\/post"}],"author":[{"embeddable":true,"href":"https:\/\/afk-lembach.at\/neustift\/wp-json\/wp\/v2\/users\/3"}],"replies":[{"embeddable":true,"href":"https:\/\/afk-lembach.at\/neustift\/wp-json\/wp\/v2\/comments?post=1206"}],"version-history":[{"count":4,"href":"https:\/\/afk-lembach.at\/neustift\/wp-json\/wp\/v2\/posts\/1206\/revisions"}],"predecessor-version":[{"id":1212,"href":"https:\/\/afk-lembach.at\/neustift\/wp-json\/wp\/v2\/posts\/1206\/revisions\/1212"}],"wp:attachment":[{"href":"https:\/\/afk-lembach.at\/neustift\/wp-json\/wp\/v2\/media?parent=1206"}],"wp:term":[{"taxonomy":"category","embeddable":true,"href":"https:\/\/afk-lembach.at\/neustift\/wp-json\/wp\/v2\/categories?post=1206"},{"taxonomy":"post_tag","embeddable":true,"href":"https:\/\/afk-lembach.at\/neustift\/wp-json\/wp\/v2\/tags?post=1206"}],"curies":[{"name":"wp","href":"https:\/\/api.w.org\/{rel}","templated":true}]}}