{"id":1221,"date":"2014-03-16T00:57:02","date_gmt":"2014-03-15T23:57:02","guid":{"rendered":"http:\/\/afk-lembach.at\/neustift\/?p=1221"},"modified":"2014-03-16T00:57:02","modified_gmt":"2014-03-15T23:57:02","slug":"jhv-2014-abgehalten","status":"publish","type":"post","link":"https:\/\/afk-lembach.at\/neustift\/2014\/03\/16\/jhv-2014-abgehalten\/","title":{"rendered":"JHV 2014 abgehalten"},"content":{"rendered":"<p><!--[if gte mso 9]&gt;--><\/p>\n<p class=\"MsoNormal\"><span style=\"font-size: 10.0pt;font-family: Arial\">Am 08.3.2014 hielt die FF Neustift ihre JHV ab.<br \/>\nKommandant Wallner berichtete \u00fcber das Einsatzreiche abgelaufene Jahr, unter anderem,<\/span><span style=\"font-size: 10.0pt;font-family: Arial\">das die FF Neustift im letztem Jahr besonders beim Jahrhunderthochwasser sehr gefordert war.<\/span><\/p>\n<p class=\"MsoNormal\">\u00a0<span style=\"font-size: 10.0pt;font-family: Arial\">Er bedankte sich f\u00fcr die vielen freiwillig aufgebrachten Stunden von den Kameraden, die sich teilweise tagelang Urlaub genommen hatten.<\/span><\/p>\n<p class=\"MsoNormal\" style=\"line-height: normal\">\u00a0<span style=\"font-size: 10.0pt;font-family: Arial\">Den ehemaligen Kommandomitgliedern wurde ein Ehrendienstgrad verliehen und eine Urkunde \u00fcberreicht. <\/span><\/p>\n<p class=\"MsoNormal\" style=\"line-height: normal\"><span style=\"font-size: 10.0pt;font-family: Arial\">Den Dienstgrad Ehren- Oberbrandinspektor erhielt Sch\u00f6nberger Josef, der Dienstgrad Ehren- Brandinpektor wurde Wundsam Leopold verliehen und zum Ehren- Amtswalter wurde Schinkinger Reinhard, Dorfer Franz und Kainberger Gerhard ernannt. Auch wurden einige vediente Bef\u00f6rderungen bekanntgegeben.<\/span><\/p>\n<p>\u00a0Foto Ehrendienstgradtr\u00e4ger<\/p>\n<p class=\"MsoNormal\" style=\"line-height: normal\"><span style=\"font-size: 10.0pt;font-family: Arial\">Kommandant Wallner gab auch bekannt das beim Hochwassereinsatz einige Ger\u00e4tschaften besch\u00e4digt wurden und diese vom Katastrophenfond ersetzt wurden. <\/span><\/p>\n<p><span style=\"font-size: 10.0pt;font-family: Arial\">Auch wurde 2013 ein neues hydraulisches Rettungsger\u00e4t angekauft.<\/span><\/p>\n<p class=\"MsoNormal\" style=\"line-height: normal\"><span style=\"font-size: 10.0pt;font-family: Arial\">Die Funktion\u00e4re der Bereiche Schrift, Kassa, Funk, Jugend und Atemschutz berichteten \u00fcber ihre T\u00e4tigkeiten im vergangenen Jahr.<\/span><\/p>\n<p class=\"MsoNormal\" style=\"line-height: normal\">\u00a0<span style=\"font-size: 10.0pt;font-family: Arial\">Bezirksfeuerwehrkommandant\u00a0 OBR Sepp Br\u00f6derbauer w\u00fcrdigte ebenfalls die Kameraden f\u00fcr die Einsatzbereitschaft beim Hochwasser. Weiters berichtete er \u00fcber einige Projekte die auf Bezirksebene get\u00e4tigt wurden.<\/span><\/p>\n<p><span style=\"font-size: 10.0pt;font-family: Arial\">Zum Abschluss gab es noch eine Diaschau \u00fcber die\u00a0Eins\u00e4tze und \u00dcbungen\u00a0der FF Neustift im Jahr 2013.<\/span><\/p>\n","protected":false},"excerpt":{"rendered":"<p>Am 08.3.2014 hielt die FF Neustift ihre JHV ab. Kommandant Wallner berichtete \u00fcber das Einsatzreiche abgelaufene Jahr, unter anderem,das die FF Neustift im letztem Jahr besonders beim Jahrhunderthochwasser sehr gefordert war. \u00a0Er bedankte sich f\u00fcr die vielen freiwillig aufgebrachten Stunden von den Kameraden, die sich teilweise tagelang Urlaub genommen hatten. \u00a0Den ehemaligen Kommandomitgliedern wurde ein [&hellip;]<\/p>\n","protected":false},"author":3,"featured_media":0,"comment_status":"closed","ping_status":"closed","sticky":false,"template":"","format":"standard","meta":{"ngg_post_thumbnail":0,"jetpack_post_was_ever_published":false,"_jetpack_newsletter_access":"","_jetpack_dont_email_post_to_subs":false,"_jetpack_newsletter_tier_id":0,"_jetpack_memberships_contains_paywalled_content":false,"_jetpack_memberships_contains_paid_content":false,"footnotes":"","jetpack_publicize_message":"","jetpack_publicize_feature_enabled":true,"jetpack_social_post_already_shared":true,"jetpack_social_options":{"image_generator_settings":{"template":"highway","enabled":false},"version":2}},"categories":[1],"tags":[],"class_list":["post-1221","post","type-post","status-publish","format-standard","hentry","category-allgemein"],"jetpack_publicize_connections":[],"jetpack_featured_media_url":"","jetpack_shortlink":"https:\/\/wp.me\/p35J5s-jH","jetpack_sharing_enabled":true,"_links":{"self":[{"href":"https:\/\/afk-lembach.at\/neustift\/wp-json\/wp\/v2\/posts\/1221"}],"collection":[{"href":"https:\/\/afk-lembach.at\/neustift\/wp-json\/wp\/v2\/posts"}],"about":[{"href":"https:\/\/afk-lembach.at\/neustift\/wp-json\/wp\/v2\/types\/post"}],"author":[{"embeddable":true,"href":"https:\/\/afk-lembach.at\/neustift\/wp-json\/wp\/v2\/users\/3"}],"replies":[{"embeddable":true,"href":"https:\/\/afk-lembach.at\/neustift\/wp-json\/wp\/v2\/comments?post=1221"}],"version-history":[{"count":3,"href":"https:\/\/afk-lembach.at\/neustift\/wp-json\/wp\/v2\/posts\/1221\/revisions"}],"predecessor-version":[{"id":1224,"href":"https:\/\/afk-lembach.at\/neustift\/wp-json\/wp\/v2\/posts\/1221\/revisions\/1224"}],"wp:attachment":[{"href":"https:\/\/afk-lembach.at\/neustift\/wp-json\/wp\/v2\/media?parent=1221"}],"wp:term":[{"taxonomy":"category","embeddable":true,"href":"https:\/\/afk-lembach.at\/neustift\/wp-json\/wp\/v2\/categories?post=1221"},{"taxonomy":"post_tag","embeddable":true,"href":"https:\/\/afk-lembach.at\/neustift\/wp-json\/wp\/v2\/tags?post=1221"}],"curies":[{"name":"wp","href":"https:\/\/api.w.org\/{rel}","templated":true}]}}