{"id":1477,"date":"2014-07-31T21:14:28","date_gmt":"2014-07-31T19:14:28","guid":{"rendered":"http:\/\/afk-lembach.at\/neustift\/?p=1477"},"modified":"2014-08-01T14:44:33","modified_gmt":"2014-08-01T12:44:33","slug":"achtung-hochwassergefahr","status":"publish","type":"post","link":"https:\/\/afk-lembach.at\/neustift\/2014\/07\/31\/achtung-hochwassergefahr\/","title":{"rendered":"ACHTUNG !! Hochwassergefahr !!"},"content":{"rendered":"<p>An alle Donauanrainer in der Gemeinde Neustift und Hofkirchen<\/p>\n<p>Lt. aktuellen Hochwasserbericht vom Amt der O\u00d6. Landesregierung soll in den n\u00e4chsten 12 Stunden die Donau in unserem Gemeindegebiet tw. \u00fcber die Ufer treten.<\/p>\n<p><a href=\"www.land-oberoesterreich.gv.at\/hydro%20\">www.land-oberoesterreich.gv.at\/hydro <\/a><\/p>\n<p>Bitte treffen sie Vorsorgema\u00dfnahmen.<br \/>\nInformieren sie Ihre Nachbarn.<\/p>\n<p>Update 01.08.2014 &#8211; 14.30<\/p>\n<p><em>Nachdem H\u00f6chststand von 650cm (Pegel Engelhartszell) der Donau heute um Mitternacht ist der Donaupegel wieder fallend.<\/em><\/p>\n<p>Eure Freiwillige Feuerwehr<\/p>\n<p><a class=\"shutterset_\" title=\" \" href=\"https:\/\/afk-lembach.at\/neustift\/wp-content\/blogs.dir\/2\/files\/symbolfotos\/FF-Blaulicht.jpg\"><img loading=\"lazy\" decoding=\"async\" class=\"ngg-singlepic ngg-none alignnone\" src=\"https:\/\/afk-lembach.at\/neustift\/wp-content\/blogs.dir\/2\/files\/symbolfotos\/thumbs\/thumbs_FF-Blaulicht.jpg\" alt=\"FF Blaulicht\" width=\"162\" height=\"125\" \/><\/a><\/p>\n<p>&nbsp;<\/p>\n","protected":false},"excerpt":{"rendered":"<p>An alle Donauanrainer in der Gemeinde Neustift und Hofkirchen Lt. aktuellen Hochwasserbericht vom Amt der O\u00d6. Landesregierung soll in den n\u00e4chsten 12 Stunden die Donau in unserem Gemeindegebiet tw. \u00fcber die Ufer treten. www.land-oberoesterreich.gv.at\/hydro Bitte treffen sie Vorsorgema\u00dfnahmen. Informieren sie Ihre Nachbarn. Update 01.08.2014 &#8211; 14.30 Nachdem H\u00f6chststand von 650cm (Pegel Engelhartszell) der Donau heute [&hellip;]<\/p>\n","protected":false},"author":3,"featured_media":0,"comment_status":"closed","ping_status":"closed","sticky":false,"template":"","format":"standard","meta":{"ngg_post_thumbnail":0,"jetpack_post_was_ever_published":false,"_jetpack_newsletter_access":"","_jetpack_dont_email_post_to_subs":false,"_jetpack_newsletter_tier_id":0,"_jetpack_memberships_contains_paywalled_content":false,"_jetpack_memberships_contains_paid_content":false,"footnotes":"","jetpack_publicize_message":"","jetpack_publicize_feature_enabled":true,"jetpack_social_post_already_shared":true,"jetpack_social_options":{"image_generator_settings":{"template":"highway","enabled":false},"version":2}},"categories":[1],"tags":[],"class_list":["post-1477","post","type-post","status-publish","format-standard","hentry","category-allgemein"],"jetpack_publicize_connections":[],"jetpack_featured_media_url":"","jetpack_shortlink":"https:\/\/wp.me\/p35J5s-nP","jetpack_sharing_enabled":true,"_links":{"self":[{"href":"https:\/\/afk-lembach.at\/neustift\/wp-json\/wp\/v2\/posts\/1477"}],"collection":[{"href":"https:\/\/afk-lembach.at\/neustift\/wp-json\/wp\/v2\/posts"}],"about":[{"href":"https:\/\/afk-lembach.at\/neustift\/wp-json\/wp\/v2\/types\/post"}],"author":[{"embeddable":true,"href":"https:\/\/afk-lembach.at\/neustift\/wp-json\/wp\/v2\/users\/3"}],"replies":[{"embeddable":true,"href":"https:\/\/afk-lembach.at\/neustift\/wp-json\/wp\/v2\/comments?post=1477"}],"version-history":[{"count":5,"href":"https:\/\/afk-lembach.at\/neustift\/wp-json\/wp\/v2\/posts\/1477\/revisions"}],"predecessor-version":[{"id":1486,"href":"https:\/\/afk-lembach.at\/neustift\/wp-json\/wp\/v2\/posts\/1477\/revisions\/1486"}],"wp:attachment":[{"href":"https:\/\/afk-lembach.at\/neustift\/wp-json\/wp\/v2\/media?parent=1477"}],"wp:term":[{"taxonomy":"category","embeddable":true,"href":"https:\/\/afk-lembach.at\/neustift\/wp-json\/wp\/v2\/categories?post=1477"},{"taxonomy":"post_tag","embeddable":true,"href":"https:\/\/afk-lembach.at\/neustift\/wp-json\/wp\/v2\/tags?post=1477"}],"curies":[{"name":"wp","href":"https:\/\/api.w.org\/{rel}","templated":true}]}}