{"id":1660,"date":"2016-11-02T18:01:42","date_gmt":"2016-11-02T17:01:42","guid":{"rendered":"http:\/\/afk-lembach.at\/neustift\/?p=1660"},"modified":"2016-11-13T20:40:53","modified_gmt":"2016-11-13T19:40:53","slug":"feuerloescherueberpruefung-in-neustift-und-rannariedl","status":"publish","type":"post","link":"https:\/\/afk-lembach.at\/neustift\/2016\/11\/02\/feuerloescherueberpruefung-in-neustift-und-rannariedl\/","title":{"rendered":"Feuerl\u00f6scher\u00fcberpr\u00fcfung mit Vorstellung der &#8222;Blackout Box&#8220;"},"content":{"rendered":"<h2><strong>Am Samstag 19. November 2016 findet wieder die Feuerl\u00f6scher\u00fcberpr\u00fcfung <\/strong><\/h2>\n<h2><strong>in den Feuerwehrh\u00e4usern Neustift und Rannariedl statt.<\/strong><\/h2>\n<h3><em><span style=\"color: #0000ff\"><strong>Zus\u00e4tzlich gibt es Informationen des O\u00d6 Zivilschutzverbandes zu Thema &#8222;BLACKOUT&#8220; &#8212; Der Stromausfall der alles ver\u00e4ndert<\/strong><\/span><\/em><\/h3>\n<h2><a href=\"https:\/\/afk-lembach.at\/neustift\/files\/2014\/11\/Feuerl\u00f6scherbild.jpg\"><img loading=\"lazy\" decoding=\"async\" class=\"alignleft size-full wp-image-1663\" src=\"https:\/\/afk-lembach.at\/neustift\/files\/2014\/11\/Feuerl\u00f6scherbild.jpg\" alt=\"Feuerl\u00f6scherbild\" width=\"168\" height=\"301\" srcset=\"https:\/\/afk-lembach.at\/neustift\/files\/2014\/11\/Feuerl\u00f6scherbild.jpg 168w, https:\/\/afk-lembach.at\/neustift\/files\/2014\/11\/Feuerl\u00f6scherbild-167x300.jpg 167w\" sizes=\"(max-width: 168px) 100vw, 168px\" \/><\/a><\/h2>\n<h2><strong>Pr\u00fcfungszeiten:<\/strong><\/h2>\n<h2><strong> Neustift\u00a0\u00a0\u00a0\u00a0\u00a0\u00a0\u00a0\u00a0 8-12 Uhr<\/strong><br \/>\n<strong> Rannariedl 13-16 Uhr<\/strong><\/h2>\n<p>*Die latent bestehende Gefahr eines Brandes wird vielfach verdr\u00e4ngt. Dabei w\u00e4re es ein leichtes, sich mit Rauchwarnmeldern und Feuerl\u00f6schern gegen Rauch und Flammen zu \u201aversichern\u2019. Allerdings sollten die Ger\u00e4te auch in einem einwandfreien Zustand sein.<\/p>\n<p>Hier liegt das Problem: Wer einen Feuerl\u00f6scher besitzt \u2013 und das ist l\u00e4ngst nicht in jedem Haushalt der Fall \u2013 w\u00e4gt sich in Sicherheit. Doch nur dann, wenn dieser auch regelm\u00e4\u00dfig, mindestens alle zwei Jahre, sachkundig gepr\u00fcft wird, ist gew\u00e4hrleistet, dass die L\u00f6sch- und Treibmittel der Ger\u00e4te auch ihre volle Wirkung entfalten und einen Brand tats\u00e4chlich l\u00f6schen k\u00f6nnen.<\/p>\n<p>Die chemischen Substanzen lassen n\u00e4mlich im Laufe der Zeit in ihrer Wirkung nach. Korrosion oder Materialerm\u00fcdung k\u00f6nnen zudem auch die Funktionsf\u00e4higkeit des Feuerl\u00f6schers selbst beeintr\u00e4chtigen. Dann ist der \u201erote Helfer\u201c eventuell nicht mehr in der Lage, im Notfall zu helfen. Mit fatalen Folgen.<br \/>\nEin Blick auf die Pr\u00fcfplakette des Feuerl\u00f6schers verschafft Klarheit. *<br \/>\n(Text: Gumplmayr)<\/p>\n<p><em><strong>Nehmen sie diesen Termin an, es ist f\u00fcr Ihre Sicherheit !!<\/strong><\/em><\/p>\n<h2><em><span style=\"color: #0000ff\">BLACKOUT &#8212; Der Stromausfall der alles ver\u00e4ndert<\/span><\/em><\/h2>\n<p><img loading=\"lazy\" decoding=\"async\" class=\"\" src=\"http:\/\/www.zivilschutz-ooe.at\/images\/blackout-button_142x100.jpg\" alt=\"Blackout - Ein Stromausfall der alles ver\u00e4ndert\" width=\"368\" height=\"259\" \/><\/p>\n<p><strong>Als Blackout wird ein l\u00e4ngerdauernder, gro\u00dffl\u00e4chiger Stromausfall bezeichnet, der mehrere Staaten gleichzeitig betreffen kann, dessen Auswirkungen weitreichend sind, konkret aber schwer vorhergesagt werden k\u00f6nnen.<\/strong><\/p>\n<h2>&#8222;N\u00fctzen sie diesen Termin, um sich zu informieren&#8220;<\/h2>\n<h2>Vorsorgen sch\u00fctzt vor Sorgen.<\/h2>\n<p>Auf Euer kommen freut sich eure Feuerwehr<\/p>\n","protected":false},"excerpt":{"rendered":"<p>Am Samstag 19. November 2016 findet wieder die Feuerl\u00f6scher\u00fcberpr\u00fcfung in den Feuerwehrh\u00e4usern Neustift und Rannariedl statt. Zus\u00e4tzlich gibt es Informationen des O\u00d6 Zivilschutzverbandes zu Thema &#8222;BLACKOUT&#8220; &#8212; Der Stromausfall der alles ver\u00e4ndert Pr\u00fcfungszeiten: Neustift\u00a0\u00a0\u00a0\u00a0\u00a0\u00a0\u00a0\u00a0 8-12 Uhr Rannariedl 13-16 Uhr *Die latent bestehende Gefahr eines Brandes wird vielfach verdr\u00e4ngt. Dabei w\u00e4re es ein leichtes, sich mit [&hellip;]<\/p>\n","protected":false},"author":3,"featured_media":0,"comment_status":"closed","ping_status":"closed","sticky":false,"template":"","format":"standard","meta":{"ngg_post_thumbnail":0,"jetpack_post_was_ever_published":false,"_jetpack_newsletter_access":"","_jetpack_dont_email_post_to_subs":true,"_jetpack_newsletter_tier_id":0,"_jetpack_memberships_contains_paywalled_content":false,"_jetpack_memberships_contains_paid_content":false,"footnotes":"","jetpack_publicize_message":"","jetpack_publicize_feature_enabled":true,"jetpack_social_post_already_shared":true,"jetpack_social_options":{"image_generator_settings":{"template":"highway","enabled":false},"version":2}},"categories":[1],"tags":[],"class_list":["post-1660","post","type-post","status-publish","format-standard","hentry","category-allgemein"],"jetpack_publicize_connections":[],"jetpack_featured_media_url":"","jetpack_shortlink":"https:\/\/wp.me\/p35J5s-qM","jetpack_sharing_enabled":true,"_links":{"self":[{"href":"https:\/\/afk-lembach.at\/neustift\/wp-json\/wp\/v2\/posts\/1660"}],"collection":[{"href":"https:\/\/afk-lembach.at\/neustift\/wp-json\/wp\/v2\/posts"}],"about":[{"href":"https:\/\/afk-lembach.at\/neustift\/wp-json\/wp\/v2\/types\/post"}],"author":[{"embeddable":true,"href":"https:\/\/afk-lembach.at\/neustift\/wp-json\/wp\/v2\/users\/3"}],"replies":[{"embeddable":true,"href":"https:\/\/afk-lembach.at\/neustift\/wp-json\/wp\/v2\/comments?post=1660"}],"version-history":[{"count":7,"href":"https:\/\/afk-lembach.at\/neustift\/wp-json\/wp\/v2\/posts\/1660\/revisions"}],"predecessor-version":[{"id":2079,"href":"https:\/\/afk-lembach.at\/neustift\/wp-json\/wp\/v2\/posts\/1660\/revisions\/2079"}],"wp:attachment":[{"href":"https:\/\/afk-lembach.at\/neustift\/wp-json\/wp\/v2\/media?parent=1660"}],"wp:term":[{"taxonomy":"category","embeddable":true,"href":"https:\/\/afk-lembach.at\/neustift\/wp-json\/wp\/v2\/categories?post=1660"},{"taxonomy":"post_tag","embeddable":true,"href":"https:\/\/afk-lembach.at\/neustift\/wp-json\/wp\/v2\/tags?post=1660"}],"curies":[{"name":"wp","href":"https:\/\/api.w.org\/{rel}","templated":true}]}}