{"id":1874,"date":"2015-07-15T00:51:24","date_gmt":"2015-07-14T22:51:24","guid":{"rendered":"http:\/\/afk-lembach.at\/neustift\/?p=1874"},"modified":"2015-07-15T23:51:42","modified_gmt":"2015-07-15T21:51:42","slug":"gemeinsam-sicher-feuerwehr-2","status":"publish","type":"post","link":"https:\/\/afk-lembach.at\/neustift\/2015\/07\/15\/gemeinsam-sicher-feuerwehr-2\/","title":{"rendered":"Gemeinsam Sicher Feuerwehr &#8212; Volksschule"},"content":{"rendered":"<p>K\u00fcrzlich war die Volksschule Neustift zu Besuch bei der Feuerwehr Neustift.<\/p>\n<p>Gemeinsam mit der FF Rannariedl veranstalteten wir den &#8222;Gemeinsam-Sicher-Feuerwehr&#8220; -Tag.<\/p>\n<p>Dabei wurden den Kindern ein vielf\u00e4ltiges Programm geboten.<\/p>\n<p>Sie durften mit den Feuerwehrautos mitfahren.<\/p>\n<p>Von Kommandant Stellvertreter Rauscher Stefan(Neustift),Bauer Christoph (Rannariedl) und Gruppenkommandant Wundsam Markus wurden ihnen die gesamte Ausr\u00fcstung gezeigt und die Kinder durften mit dem Strahlrohr spritzen, Saugleitung bauen, uvm.<\/p>\n<p>In einem kurzem Vortrag erkl\u00e4rte Kommandant Sch\u00f6nberger den Kindern wie man sich im Brandfall richtig verh\u00e4lt und wie man einen Notruf richtig absetzt.<\/p>\n<p>Dies konnte gleich jeder Sch\u00fcler bei einem altem Telefon selbst ausprobieren, was alle schon perfekt machten, Dank der guten Vorbereitung in der Schule. Weiters wurden ihnen wichtige Ausr\u00fcstungsgegenst\u00e4nde von Jugendbetreuer Wieser Markus vorgef\u00fchrt.<\/p>\n<p>Zum Abschluss gab es noch eine Fotoshow und die \u00dcbergabe der Brandschutzausweise.<\/p>\n<p>&nbsp;<\/p>\n<p><a href=\"https:\/\/afk-lembach.at\/neustift\/files\/2015\/07\/G-S-F-Tag-VSN-6.-Juli-15-39.jpg\"><img loading=\"lazy\" decoding=\"async\" class=\"alignleft size-large wp-image-1901\" src=\"https:\/\/afk-lembach.at\/neustift\/files\/2015\/07\/G-S-F-Tag-VSN-6.-Juli-15-39-683x1024.jpg\" alt=\"G-S-F Tag VSN 6. Juli 15 (39)\" width=\"560\" height=\"840\" srcset=\"https:\/\/afk-lembach.at\/neustift\/files\/2015\/07\/G-S-F-Tag-VSN-6.-Juli-15-39-683x1024.jpg 683w, https:\/\/afk-lembach.at\/neustift\/files\/2015\/07\/G-S-F-Tag-VSN-6.-Juli-15-39-200x300.jpg 200w\" sizes=\"(max-width: 560px) 100vw, 560px\" \/><\/a> <a href=\"https:\/\/afk-lembach.at\/neustift\/files\/2015\/07\/G-S-F-Tag-VSN-6.-Juli-15-34.jpg\"><img loading=\"lazy\" decoding=\"async\" class=\"alignleft size-large wp-image-1900\" src=\"https:\/\/afk-lembach.at\/neustift\/files\/2015\/07\/G-S-F-Tag-VSN-6.-Juli-15-34-1024x683.jpg\" alt=\"G-S-F Tag VSN 6. Juli 15 (34)\" width=\"560\" height=\"374\" srcset=\"https:\/\/afk-lembach.at\/neustift\/files\/2015\/07\/G-S-F-Tag-VSN-6.-Juli-15-34-1024x683.jpg 1024w, https:\/\/afk-lembach.at\/neustift\/files\/2015\/07\/G-S-F-Tag-VSN-6.-Juli-15-34-300x200.jpg 300w\" sizes=\"(max-width: 560px) 100vw, 560px\" \/><\/a> <a href=\"https:\/\/afk-lembach.at\/neustift\/files\/2015\/07\/G-S-F-Tag-VSN-6.-Juli-15-29.jpg\"><img loading=\"lazy\" decoding=\"async\" class=\"alignleft size-large wp-image-1899\" src=\"https:\/\/afk-lembach.at\/neustift\/files\/2015\/07\/G-S-F-Tag-VSN-6.-Juli-15-29-1024x768.jpg\" alt=\"G-S-F Tag VSN 6. Juli 15 (29)\" width=\"560\" height=\"420\" srcset=\"https:\/\/afk-lembach.at\/neustift\/files\/2015\/07\/G-S-F-Tag-VSN-6.-Juli-15-29-1024x768.jpg 1024w, https:\/\/afk-lembach.at\/neustift\/files\/2015\/07\/G-S-F-Tag-VSN-6.-Juli-15-29-300x225.jpg 300w\" sizes=\"(max-width: 560px) 100vw, 560px\" \/><\/a> <a href=\"https:\/\/afk-lembach.at\/neustift\/files\/2015\/07\/G-S-F-Tag-VSN-6.-Juli-15-43.jpg\"><img loading=\"lazy\" decoding=\"async\" class=\"alignleft size-large wp-image-1898\" src=\"https:\/\/afk-lembach.at\/neustift\/files\/2015\/07\/G-S-F-Tag-VSN-6.-Juli-15-43-683x1024.jpg\" alt=\"G-S-F Tag VSN 6. Juli 15 (43)\" width=\"560\" height=\"840\" srcset=\"https:\/\/afk-lembach.at\/neustift\/files\/2015\/07\/G-S-F-Tag-VSN-6.-Juli-15-43-683x1024.jpg 683w, https:\/\/afk-lembach.at\/neustift\/files\/2015\/07\/G-S-F-Tag-VSN-6.-Juli-15-43-200x300.jpg 200w\" sizes=\"(max-width: 560px) 100vw, 560px\" \/><\/a> <a href=\"https:\/\/afk-lembach.at\/neustift\/files\/2015\/07\/G-S-F-Tag-VSN-6.-Juli-15-33.jpg\"><img loading=\"lazy\" decoding=\"async\" class=\"alignleft size-large wp-image-1897\" src=\"https:\/\/afk-lembach.at\/neustift\/files\/2015\/07\/G-S-F-Tag-VSN-6.-Juli-15-33-1024x683.jpg\" alt=\"G-S-F Tag VSN 6. Juli 15 (33)\" width=\"560\" height=\"374\" srcset=\"https:\/\/afk-lembach.at\/neustift\/files\/2015\/07\/G-S-F-Tag-VSN-6.-Juli-15-33-1024x683.jpg 1024w, https:\/\/afk-lembach.at\/neustift\/files\/2015\/07\/G-S-F-Tag-VSN-6.-Juli-15-33-300x200.jpg 300w\" sizes=\"(max-width: 560px) 100vw, 560px\" \/><\/a> <a href=\"https:\/\/afk-lembach.at\/neustift\/files\/2015\/07\/G-S-F-Tag-VSN-6.-Juli-15-8.jpg\"><img loading=\"lazy\" decoding=\"async\" class=\"alignleft size-large wp-image-1896\" src=\"https:\/\/afk-lembach.at\/neustift\/files\/2015\/07\/G-S-F-Tag-VSN-6.-Juli-15-8-1024x768.jpg\" alt=\"G-S-F Tag VSN 6. Juli 15 (8)\" width=\"560\" height=\"420\" srcset=\"https:\/\/afk-lembach.at\/neustift\/files\/2015\/07\/G-S-F-Tag-VSN-6.-Juli-15-8-1024x768.jpg 1024w, https:\/\/afk-lembach.at\/neustift\/files\/2015\/07\/G-S-F-Tag-VSN-6.-Juli-15-8-300x225.jpg 300w\" sizes=\"(max-width: 560px) 100vw, 560px\" \/><\/a> <a href=\"https:\/\/afk-lembach.at\/neustift\/files\/2015\/07\/G-S-F-Tag-VSN-6.-Juli-15-3.jpg\"><img loading=\"lazy\" decoding=\"async\" class=\"alignleft size-large wp-image-1895\" src=\"https:\/\/afk-lembach.at\/neustift\/files\/2015\/07\/G-S-F-Tag-VSN-6.-Juli-15-3-1024x768.jpg\" alt=\"G-S-F Tag VSN 6. Juli 15 (3)\" width=\"560\" height=\"420\" srcset=\"https:\/\/afk-lembach.at\/neustift\/files\/2015\/07\/G-S-F-Tag-VSN-6.-Juli-15-3-1024x768.jpg 1024w, https:\/\/afk-lembach.at\/neustift\/files\/2015\/07\/G-S-F-Tag-VSN-6.-Juli-15-3-300x225.jpg 300w\" sizes=\"(max-width: 560px) 100vw, 560px\" \/><\/a> <a href=\"https:\/\/afk-lembach.at\/neustift\/files\/2015\/07\/G-S-F-Tag-VSN-6.-Juli-15-42.jpg\"><img loading=\"lazy\" decoding=\"async\" class=\"alignleft size-large wp-image-1894\" src=\"https:\/\/afk-lembach.at\/neustift\/files\/2015\/07\/G-S-F-Tag-VSN-6.-Juli-15-42-1024x683.jpg\" alt=\"G-S-F Tag VSN 6. Juli 15 (42)\" width=\"560\" height=\"374\" srcset=\"https:\/\/afk-lembach.at\/neustift\/files\/2015\/07\/G-S-F-Tag-VSN-6.-Juli-15-42-1024x683.jpg 1024w, https:\/\/afk-lembach.at\/neustift\/files\/2015\/07\/G-S-F-Tag-VSN-6.-Juli-15-42-300x200.jpg 300w\" sizes=\"(max-width: 560px) 100vw, 560px\" \/><\/a> <a href=\"https:\/\/afk-lembach.at\/neustift\/files\/2015\/07\/G-S-F-Tag-VSN-6.-Juli-15-37.jpg\"><img loading=\"lazy\" decoding=\"async\" class=\"alignleft size-large wp-image-1893\" src=\"https:\/\/afk-lembach.at\/neustift\/files\/2015\/07\/G-S-F-Tag-VSN-6.-Juli-15-37-683x1024.jpg\" alt=\"G-S-F Tag VSN 6. Juli 15 (37)\" width=\"560\" height=\"840\" srcset=\"https:\/\/afk-lembach.at\/neustift\/files\/2015\/07\/G-S-F-Tag-VSN-6.-Juli-15-37-683x1024.jpg 683w, https:\/\/afk-lembach.at\/neustift\/files\/2015\/07\/G-S-F-Tag-VSN-6.-Juli-15-37-200x300.jpg 200w\" sizes=\"(max-width: 560px) 100vw, 560px\" \/><\/a> <a href=\"https:\/\/afk-lembach.at\/neustift\/files\/2015\/07\/G-S-F-Tag-VSN-6.-Juli-15-27.jpg\"><img loading=\"lazy\" decoding=\"async\" class=\"alignleft size-large wp-image-1892\" src=\"https:\/\/afk-lembach.at\/neustift\/files\/2015\/07\/G-S-F-Tag-VSN-6.-Juli-15-27-1024x768.jpg\" alt=\"G-S-F Tag VSN 6. Juli 15 (27)\" width=\"560\" height=\"420\" srcset=\"https:\/\/afk-lembach.at\/neustift\/files\/2015\/07\/G-S-F-Tag-VSN-6.-Juli-15-27-1024x768.jpg 1024w, https:\/\/afk-lembach.at\/neustift\/files\/2015\/07\/G-S-F-Tag-VSN-6.-Juli-15-27-300x225.jpg 300w\" sizes=\"(max-width: 560px) 100vw, 560px\" \/><\/a> <a href=\"https:\/\/afk-lembach.at\/neustift\/files\/2015\/07\/G-S-F-Tag-VSN-6.-Juli-15-22.jpg\"><img loading=\"lazy\" decoding=\"async\" class=\"alignleft size-large wp-image-1891\" src=\"https:\/\/afk-lembach.at\/neustift\/files\/2015\/07\/G-S-F-Tag-VSN-6.-Juli-15-22-1024x768.jpg\" alt=\"G-S-F Tag VSN 6. Juli 15 (22)\" width=\"560\" height=\"420\" srcset=\"https:\/\/afk-lembach.at\/neustift\/files\/2015\/07\/G-S-F-Tag-VSN-6.-Juli-15-22-1024x768.jpg 1024w, https:\/\/afk-lembach.at\/neustift\/files\/2015\/07\/G-S-F-Tag-VSN-6.-Juli-15-22-300x225.jpg 300w\" sizes=\"(max-width: 560px) 100vw, 560px\" \/><\/a> <a href=\"https:\/\/afk-lembach.at\/neustift\/files\/2015\/07\/G-S-F-Tag-VSN-6.-Juli-15-12.jpg\"><img loading=\"lazy\" decoding=\"async\" class=\"alignleft size-large wp-image-1890\" src=\"https:\/\/afk-lembach.at\/neustift\/files\/2015\/07\/G-S-F-Tag-VSN-6.-Juli-15-12-1024x768.jpg\" alt=\"G-S-F Tag VSN 6. Juli 15 (12)\" width=\"560\" height=\"420\" srcset=\"https:\/\/afk-lembach.at\/neustift\/files\/2015\/07\/G-S-F-Tag-VSN-6.-Juli-15-12-1024x768.jpg 1024w, https:\/\/afk-lembach.at\/neustift\/files\/2015\/07\/G-S-F-Tag-VSN-6.-Juli-15-12-300x225.jpg 300w\" sizes=\"(max-width: 560px) 100vw, 560px\" \/><\/a> <a href=\"https:\/\/afk-lembach.at\/neustift\/files\/2015\/07\/G-S-F-Tag-VSN-6.-Juli-15-16.jpg\"><img loading=\"lazy\" decoding=\"async\" class=\"alignleft size-large wp-image-1884\" src=\"https:\/\/afk-lembach.at\/neustift\/files\/2015\/07\/G-S-F-Tag-VSN-6.-Juli-15-16-1024x768.jpg\" alt=\"G-S-F Tag VSN 6. Juli 15 (16)\" width=\"560\" height=\"420\" srcset=\"https:\/\/afk-lembach.at\/neustift\/files\/2015\/07\/G-S-F-Tag-VSN-6.-Juli-15-16-1024x768.jpg 1024w, https:\/\/afk-lembach.at\/neustift\/files\/2015\/07\/G-S-F-Tag-VSN-6.-Juli-15-16-300x225.jpg 300w\" sizes=\"(max-width: 560px) 100vw, 560px\" \/><\/a> <a href=\"https:\/\/afk-lembach.at\/neustift\/files\/2015\/07\/G-S-F-Tag-VSN-6.-Juli-15-21.jpg\"><img loading=\"lazy\" decoding=\"async\" class=\"alignleft size-large wp-image-1885\" src=\"https:\/\/afk-lembach.at\/neustift\/files\/2015\/07\/G-S-F-Tag-VSN-6.-Juli-15-21-1024x768.jpg\" alt=\"G-S-F Tag VSN 6. Juli 15 (21)\" width=\"560\" height=\"420\" srcset=\"https:\/\/afk-lembach.at\/neustift\/files\/2015\/07\/G-S-F-Tag-VSN-6.-Juli-15-21-1024x768.jpg 1024w, https:\/\/afk-lembach.at\/neustift\/files\/2015\/07\/G-S-F-Tag-VSN-6.-Juli-15-21-300x225.jpg 300w\" sizes=\"(max-width: 560px) 100vw, 560px\" \/><\/a> <a href=\"https:\/\/afk-lembach.at\/neustift\/files\/2015\/07\/G-S-F-Tag-VSN-6.-Juli-15-31.jpg\"><img loading=\"lazy\" decoding=\"async\" class=\"alignleft size-large wp-image-1886\" src=\"https:\/\/afk-lembach.at\/neustift\/files\/2015\/07\/G-S-F-Tag-VSN-6.-Juli-15-31-768x1024.jpg\" alt=\"G-S-F Tag VSN 6. Juli 15 (31)\" width=\"560\" height=\"747\" srcset=\"https:\/\/afk-lembach.at\/neustift\/files\/2015\/07\/G-S-F-Tag-VSN-6.-Juli-15-31-768x1024.jpg 768w, https:\/\/afk-lembach.at\/neustift\/files\/2015\/07\/G-S-F-Tag-VSN-6.-Juli-15-31-225x300.jpg 225w\" sizes=\"(max-width: 560px) 100vw, 560px\" \/><\/a> <a href=\"https:\/\/afk-lembach.at\/neustift\/files\/2015\/07\/G-S-F-Tag-VSN-6.-Juli-15-36.jpg\"><img loading=\"lazy\" decoding=\"async\" class=\"alignleft size-large wp-image-1887\" src=\"https:\/\/afk-lembach.at\/neustift\/files\/2015\/07\/G-S-F-Tag-VSN-6.-Juli-15-36-683x1024.jpg\" alt=\"G-S-F Tag VSN 6. Juli 15 (36)\" width=\"560\" height=\"840\" srcset=\"https:\/\/afk-lembach.at\/neustift\/files\/2015\/07\/G-S-F-Tag-VSN-6.-Juli-15-36-683x1024.jpg 683w, https:\/\/afk-lembach.at\/neustift\/files\/2015\/07\/G-S-F-Tag-VSN-6.-Juli-15-36-200x300.jpg 200w\" sizes=\"(max-width: 560px) 100vw, 560px\" \/><\/a> <a href=\"https:\/\/afk-lembach.at\/neustift\/files\/2015\/07\/G-S-F-Tag-VSN-6.-Juli-15-41.jpg\"><img loading=\"lazy\" decoding=\"async\" class=\"alignleft size-large wp-image-1888\" src=\"https:\/\/afk-lembach.at\/neustift\/files\/2015\/07\/G-S-F-Tag-VSN-6.-Juli-15-41-1024x683.jpg\" alt=\"G-S-F Tag VSN 6. Juli 15 (41)\" width=\"560\" height=\"374\" srcset=\"https:\/\/afk-lembach.at\/neustift\/files\/2015\/07\/G-S-F-Tag-VSN-6.-Juli-15-41-1024x683.jpg 1024w, https:\/\/afk-lembach.at\/neustift\/files\/2015\/07\/G-S-F-Tag-VSN-6.-Juli-15-41-300x200.jpg 300w\" sizes=\"(max-width: 560px) 100vw, 560px\" \/><\/a> <a href=\"https:\/\/afk-lembach.at\/neustift\/files\/2015\/07\/G-S-F-Tag-VSN-6.-Juli-15-7.jpg\"><img loading=\"lazy\" decoding=\"async\" class=\"alignleft size-large wp-image-1889\" src=\"https:\/\/afk-lembach.at\/neustift\/files\/2015\/07\/G-S-F-Tag-VSN-6.-Juli-15-7-768x1024.jpg\" alt=\"G-S-F Tag VSN 6. Juli 15 (7)\" width=\"560\" height=\"747\" srcset=\"https:\/\/afk-lembach.at\/neustift\/files\/2015\/07\/G-S-F-Tag-VSN-6.-Juli-15-7-768x1024.jpg 768w, https:\/\/afk-lembach.at\/neustift\/files\/2015\/07\/G-S-F-Tag-VSN-6.-Juli-15-7-225x300.jpg 225w\" sizes=\"(max-width: 560px) 100vw, 560px\" \/><\/a> <a href=\"https:\/\/afk-lembach.at\/neustift\/files\/2015\/07\/G-S-F-Tag-VSN-6.-Juli-15-50.jpg\"><img loading=\"lazy\" decoding=\"async\" class=\"alignleft size-large wp-image-1883\" src=\"https:\/\/afk-lembach.at\/neustift\/files\/2015\/07\/G-S-F-Tag-VSN-6.-Juli-15-50-1024x683.jpg\" alt=\"G-S-F Tag VSN 6. Juli 15 (50)\" width=\"560\" height=\"374\" srcset=\"https:\/\/afk-lembach.at\/neustift\/files\/2015\/07\/G-S-F-Tag-VSN-6.-Juli-15-50-1024x683.jpg 1024w, https:\/\/afk-lembach.at\/neustift\/files\/2015\/07\/G-S-F-Tag-VSN-6.-Juli-15-50-300x200.jpg 300w\" sizes=\"(max-width: 560px) 100vw, 560px\" \/><\/a> <a href=\"https:\/\/afk-lembach.at\/neustift\/files\/2015\/07\/G-S-F-Tag-VSN-6.-Juli-15-40.jpg\"><img loading=\"lazy\" decoding=\"async\" class=\"alignleft size-large wp-image-1882\" src=\"https:\/\/afk-lembach.at\/neustift\/files\/2015\/07\/G-S-F-Tag-VSN-6.-Juli-15-40-1024x683.jpg\" alt=\"G-S-F Tag VSN 6. Juli 15 (40)\" width=\"560\" height=\"374\" srcset=\"https:\/\/afk-lembach.at\/neustift\/files\/2015\/07\/G-S-F-Tag-VSN-6.-Juli-15-40-1024x683.jpg 1024w, https:\/\/afk-lembach.at\/neustift\/files\/2015\/07\/G-S-F-Tag-VSN-6.-Juli-15-40-300x200.jpg 300w\" sizes=\"(max-width: 560px) 100vw, 560px\" \/><\/a> <a href=\"https:\/\/afk-lembach.at\/neustift\/files\/2015\/07\/G-S-F-Tag-VSN-6.-Juli-15-25.jpg\"><img loading=\"lazy\" decoding=\"async\" class=\"alignleft size-large wp-image-1881\" src=\"https:\/\/afk-lembach.at\/neustift\/files\/2015\/07\/G-S-F-Tag-VSN-6.-Juli-15-25-1024x768.jpg\" alt=\"G-S-F Tag VSN 6. Juli 15 (25)\" width=\"560\" height=\"420\" srcset=\"https:\/\/afk-lembach.at\/neustift\/files\/2015\/07\/G-S-F-Tag-VSN-6.-Juli-15-25-1024x768.jpg 1024w, https:\/\/afk-lembach.at\/neustift\/files\/2015\/07\/G-S-F-Tag-VSN-6.-Juli-15-25-300x225.jpg 300w\" sizes=\"(max-width: 560px) 100vw, 560px\" \/><\/a> <a href=\"https:\/\/afk-lembach.at\/neustift\/files\/2015\/07\/G-S-F-Tag-VSN-6.-Juli-15-10.jpg\"><img loading=\"lazy\" decoding=\"async\" class=\"alignleft size-large wp-image-1880\" src=\"https:\/\/afk-lembach.at\/neustift\/files\/2015\/07\/G-S-F-Tag-VSN-6.-Juli-15-10-1024x768.jpg\" alt=\"G-S-F Tag VSN 6. Juli 15 (10)\" width=\"560\" height=\"420\" srcset=\"https:\/\/afk-lembach.at\/neustift\/files\/2015\/07\/G-S-F-Tag-VSN-6.-Juli-15-10-1024x768.jpg 1024w, https:\/\/afk-lembach.at\/neustift\/files\/2015\/07\/G-S-F-Tag-VSN-6.-Juli-15-10-300x225.jpg 300w\" sizes=\"(max-width: 560px) 100vw, 560px\" \/><\/a> <a href=\"https:\/\/afk-lembach.at\/neustift\/files\/2015\/07\/G-S-F-Tag-VSN-6.-Juli-15-5.jpg\"><img loading=\"lazy\" decoding=\"async\" class=\"alignleft size-large wp-image-1879\" src=\"https:\/\/afk-lembach.at\/neustift\/files\/2015\/07\/G-S-F-Tag-VSN-6.-Juli-15-5-1024x768.jpg\" alt=\"G-S-F Tag VSN 6. Juli 15 (5)\" width=\"560\" height=\"420\" srcset=\"https:\/\/afk-lembach.at\/neustift\/files\/2015\/07\/G-S-F-Tag-VSN-6.-Juli-15-5-1024x768.jpg 1024w, https:\/\/afk-lembach.at\/neustift\/files\/2015\/07\/G-S-F-Tag-VSN-6.-Juli-15-5-300x225.jpg 300w\" sizes=\"(max-width: 560px) 100vw, 560px\" \/><\/a> <a href=\"https:\/\/afk-lembach.at\/neustift\/files\/2015\/07\/G-S-F-Tag-VSN-6.-Juli-15-49.jpg\"><img loading=\"lazy\" decoding=\"async\" class=\"alignleft size-large wp-image-1878\" src=\"https:\/\/afk-lembach.at\/neustift\/files\/2015\/07\/G-S-F-Tag-VSN-6.-Juli-15-49-1024x683.jpg\" alt=\"G-S-F Tag VSN 6. Juli 15 (49)\" width=\"560\" height=\"374\" srcset=\"https:\/\/afk-lembach.at\/neustift\/files\/2015\/07\/G-S-F-Tag-VSN-6.-Juli-15-49-1024x683.jpg 1024w, https:\/\/afk-lembach.at\/neustift\/files\/2015\/07\/G-S-F-Tag-VSN-6.-Juli-15-49-300x200.jpg 300w\" sizes=\"(max-width: 560px) 100vw, 560px\" \/><\/a><\/p>\n","protected":false},"excerpt":{"rendered":"<p>K\u00fcrzlich war die Volksschule Neustift zu Besuch bei der Feuerwehr Neustift. Gemeinsam mit der FF Rannariedl veranstalteten wir den &#8222;Gemeinsam-Sicher-Feuerwehr&#8220; -Tag. Dabei wurden den Kindern ein vielf\u00e4ltiges Programm geboten. Sie durften mit den Feuerwehrautos mitfahren. Von Kommandant Stellvertreter Rauscher Stefan(Neustift),Bauer Christoph (Rannariedl) und Gruppenkommandant Wundsam Markus wurden ihnen die gesamte Ausr\u00fcstung gezeigt und die Kinder [&hellip;]<\/p>\n","protected":false},"author":3,"featured_media":1879,"comment_status":"closed","ping_status":"closed","sticky":false,"template":"","format":"standard","meta":{"ngg_post_thumbnail":0,"jetpack_post_was_ever_published":false,"_jetpack_newsletter_access":"","_jetpack_dont_email_post_to_subs":false,"_jetpack_newsletter_tier_id":0,"_jetpack_memberships_contains_paywalled_content":false,"_jetpack_memberships_contains_paid_content":false,"footnotes":"","jetpack_publicize_message":"","jetpack_publicize_feature_enabled":true,"jetpack_social_post_already_shared":true,"jetpack_social_options":{"image_generator_settings":{"template":"highway","enabled":false},"version":2}},"categories":[1],"tags":[],"class_list":["post-1874","post","type-post","status-publish","format-standard","has-post-thumbnail","hentry","category-allgemein"],"jetpack_publicize_connections":[],"jetpack_featured_media_url":"https:\/\/afk-lembach.at\/neustift\/files\/2015\/07\/G-S-F-Tag-VSN-6.-Juli-15-5.jpg","jetpack_shortlink":"https:\/\/wp.me\/p35J5s-ue","jetpack_sharing_enabled":true,"_links":{"self":[{"href":"https:\/\/afk-lembach.at\/neustift\/wp-json\/wp\/v2\/posts\/1874"}],"collection":[{"href":"https:\/\/afk-lembach.at\/neustift\/wp-json\/wp\/v2\/posts"}],"about":[{"href":"https:\/\/afk-lembach.at\/neustift\/wp-json\/wp\/v2\/types\/post"}],"author":[{"embeddable":true,"href":"https:\/\/afk-lembach.at\/neustift\/wp-json\/wp\/v2\/users\/3"}],"replies":[{"embeddable":true,"href":"https:\/\/afk-lembach.at\/neustift\/wp-json\/wp\/v2\/comments?post=1874"}],"version-history":[{"count":4,"href":"https:\/\/afk-lembach.at\/neustift\/wp-json\/wp\/v2\/posts\/1874\/revisions"}],"predecessor-version":[{"id":1903,"href":"https:\/\/afk-lembach.at\/neustift\/wp-json\/wp\/v2\/posts\/1874\/revisions\/1903"}],"wp:featuredmedia":[{"embeddable":true,"href":"https:\/\/afk-lembach.at\/neustift\/wp-json\/wp\/v2\/media\/1879"}],"wp:attachment":[{"href":"https:\/\/afk-lembach.at\/neustift\/wp-json\/wp\/v2\/media?parent=1874"}],"wp:term":[{"taxonomy":"category","embeddable":true,"href":"https:\/\/afk-lembach.at\/neustift\/wp-json\/wp\/v2\/categories?post=1874"},{"taxonomy":"post_tag","embeddable":true,"href":"https:\/\/afk-lembach.at\/neustift\/wp-json\/wp\/v2\/tags?post=1874"}],"curies":[{"name":"wp","href":"https:\/\/api.w.org\/{rel}","templated":true}]}}