{"id":1906,"date":"2015-07-21T23:28:49","date_gmt":"2015-07-21T21:28:49","guid":{"rendered":"http:\/\/afk-lembach.at\/neustift\/?p=1906"},"modified":"2015-07-21T23:28:49","modified_gmt":"2015-07-21T21:28:49","slug":"kindergarten-zu-besuch-bei-der-feuerwehr","status":"publish","type":"post","link":"https:\/\/afk-lembach.at\/neustift\/2015\/07\/21\/kindergarten-zu-besuch-bei-der-feuerwehr\/","title":{"rendered":"Kindergarten zu Besuch bei der Feuerwehr"},"content":{"rendered":"<p>Als Abschluss zum Gemeinsam Sicher Feuerwehr Projekt im Kindergarten, lud die FF Neustift und Rannariedl die Kindergartenkinder ins Feuerwehrhaus ein.<\/p>\n<p>Mit einer Fahrt mit allen Feuerwehrautos (f\u00fcnf)\u00a0 durch die Gemeinde begann dieser tolle Tag f\u00fcr die Kinder.<\/p>\n<p>Im Feuerwehrhaus Rannariedl wurden die Kinder in drei Gruppen geteilt um dann auf den verschiedenen Stationen alles probieren zu k\u00f6nnen.<\/p>\n<p>Bei der Station 1 konnten die Kinder beim RLFA 2000 den HD Schlauch von der Haspel ziehen und dann jeder einzelne damit Spritzen. Weiters durften sie den Hitzeschutzanzug anprobieren und die Helme aufsetzen.<\/p>\n<p>Bei Station 2 machte die FF Rannariedl eine Vorf\u00fchrung der Ger\u00e4tschaften des neuen L\u00f6schfahrzeuges.<\/p>\n<p>Das Besichtigen der wichtigsten Gegenst\u00e4nde und R\u00e4ume im FWH stellte die Station 3 dar.<\/p>\n<p>Anschliessend wurden die Kindergartenkinder wieder zum Kindergarten mit den Feuerwehrfahrzeugen gebracht.<\/p>\n<p><a href=\"https:\/\/afk-lembach.at\/neustift\/files\/2015\/07\/CIMG7275.jpg\"><img loading=\"lazy\" decoding=\"async\" class=\"alignleft size-large wp-image-1917\" src=\"https:\/\/afk-lembach.at\/neustift\/files\/2015\/07\/CIMG7275-1024x768.jpg\" alt=\"CIMG7275\" width=\"560\" height=\"420\" srcset=\"https:\/\/afk-lembach.at\/neustift\/files\/2015\/07\/CIMG7275-1024x768.jpg 1024w, https:\/\/afk-lembach.at\/neustift\/files\/2015\/07\/CIMG7275-300x225.jpg 300w\" sizes=\"(max-width: 560px) 100vw, 560px\" \/><\/a> <a href=\"https:\/\/afk-lembach.at\/neustift\/files\/2015\/07\/CIMG7270.jpg\"><img loading=\"lazy\" decoding=\"async\" class=\"alignleft size-large wp-image-1916\" src=\"https:\/\/afk-lembach.at\/neustift\/files\/2015\/07\/CIMG7270-1024x768.jpg\" alt=\"CIMG7270\" width=\"560\" height=\"420\" srcset=\"https:\/\/afk-lembach.at\/neustift\/files\/2015\/07\/CIMG7270-1024x768.jpg 1024w, https:\/\/afk-lembach.at\/neustift\/files\/2015\/07\/CIMG7270-300x225.jpg 300w\" sizes=\"(max-width: 560px) 100vw, 560px\" \/><\/a> <a href=\"https:\/\/afk-lembach.at\/neustift\/files\/2015\/07\/CIMG7262-e1437513986628.jpg\"><img loading=\"lazy\" decoding=\"async\" class=\"alignleft size-large wp-image-1915\" src=\"https:\/\/afk-lembach.at\/neustift\/files\/2015\/07\/CIMG7262-e1437513986628-768x1024.jpg\" alt=\"CIMG7262\" width=\"560\" height=\"747\" srcset=\"https:\/\/afk-lembach.at\/neustift\/files\/2015\/07\/CIMG7262-e1437513986628-768x1024.jpg 768w, https:\/\/afk-lembach.at\/neustift\/files\/2015\/07\/CIMG7262-e1437513986628-225x300.jpg 225w, https:\/\/afk-lembach.at\/neustift\/files\/2015\/07\/CIMG7262-e1437513986628.jpg 1728w\" sizes=\"(max-width: 560px) 100vw, 560px\" \/><\/a> <a href=\"https:\/\/afk-lembach.at\/neustift\/files\/2015\/07\/CIMG7257.jpg\"><img loading=\"lazy\" decoding=\"async\" class=\"alignleft size-large wp-image-1914\" src=\"https:\/\/afk-lembach.at\/neustift\/files\/2015\/07\/CIMG7257-1024x768.jpg\" alt=\"CIMG7257\" width=\"560\" height=\"420\" srcset=\"https:\/\/afk-lembach.at\/neustift\/files\/2015\/07\/CIMG7257-1024x768.jpg 1024w, https:\/\/afk-lembach.at\/neustift\/files\/2015\/07\/CIMG7257-300x225.jpg 300w\" sizes=\"(max-width: 560px) 100vw, 560px\" \/><\/a> <a href=\"https:\/\/afk-lembach.at\/neustift\/files\/2015\/07\/CIMG7255-e1437514011528.jpg\"><img loading=\"lazy\" decoding=\"async\" class=\"alignleft size-large wp-image-1913\" src=\"https:\/\/afk-lembach.at\/neustift\/files\/2015\/07\/CIMG7255-e1437514011528-768x1024.jpg\" alt=\"CIMG7255\" width=\"560\" height=\"747\" srcset=\"https:\/\/afk-lembach.at\/neustift\/files\/2015\/07\/CIMG7255-e1437514011528-768x1024.jpg 768w, https:\/\/afk-lembach.at\/neustift\/files\/2015\/07\/CIMG7255-e1437514011528-225x300.jpg 225w, https:\/\/afk-lembach.at\/neustift\/files\/2015\/07\/CIMG7255-e1437514011528.jpg 1728w\" sizes=\"(max-width: 560px) 100vw, 560px\" \/><\/a> <a href=\"https:\/\/afk-lembach.at\/neustift\/files\/2015\/07\/CIMG7249.jpg\"><img loading=\"lazy\" decoding=\"async\" class=\"alignleft size-large wp-image-1912\" src=\"https:\/\/afk-lembach.at\/neustift\/files\/2015\/07\/CIMG7249-1024x768.jpg\" alt=\"CIMG7249\" width=\"560\" height=\"420\" srcset=\"https:\/\/afk-lembach.at\/neustift\/files\/2015\/07\/CIMG7249-1024x768.jpg 1024w, https:\/\/afk-lembach.at\/neustift\/files\/2015\/07\/CIMG7249-300x225.jpg 300w\" sizes=\"(max-width: 560px) 100vw, 560px\" \/><\/a> <a href=\"https:\/\/afk-lembach.at\/neustift\/files\/2015\/07\/CIMG7237.jpg\"><img loading=\"lazy\" decoding=\"async\" class=\"alignleft size-large wp-image-1910\" src=\"https:\/\/afk-lembach.at\/neustift\/files\/2015\/07\/CIMG7237-1024x768.jpg\" alt=\"CIMG7237\" width=\"560\" height=\"420\" srcset=\"https:\/\/afk-lembach.at\/neustift\/files\/2015\/07\/CIMG7237-1024x768.jpg 1024w, https:\/\/afk-lembach.at\/neustift\/files\/2015\/07\/CIMG7237-300x225.jpg 300w\" sizes=\"(max-width: 560px) 100vw, 560px\" \/><\/a> <a href=\"https:\/\/afk-lembach.at\/neustift\/files\/2015\/07\/CIMG7238.jpg\"><img loading=\"lazy\" decoding=\"async\" class=\"alignleft size-large wp-image-1911\" src=\"https:\/\/afk-lembach.at\/neustift\/files\/2015\/07\/CIMG7238-1024x768.jpg\" alt=\"CIMG7238\" width=\"560\" height=\"420\" srcset=\"https:\/\/afk-lembach.at\/neustift\/files\/2015\/07\/CIMG7238-1024x768.jpg 1024w, https:\/\/afk-lembach.at\/neustift\/files\/2015\/07\/CIMG7238-300x225.jpg 300w\" sizes=\"(max-width: 560px) 100vw, 560px\" \/><\/a> <a href=\"https:\/\/afk-lembach.at\/neustift\/files\/2015\/07\/CIMG7232.jpg\"><img loading=\"lazy\" decoding=\"async\" class=\"alignleft size-medium wp-image-1909\" src=\"https:\/\/afk-lembach.at\/neustift\/files\/2015\/07\/CIMG7232-300x225.jpg\" alt=\"CIMG7232\" width=\"300\" height=\"225\" srcset=\"https:\/\/afk-lembach.at\/neustift\/files\/2015\/07\/CIMG7232-300x225.jpg 300w, https:\/\/afk-lembach.at\/neustift\/files\/2015\/07\/CIMG7232-1024x768.jpg 1024w\" sizes=\"(max-width: 300px) 100vw, 300px\" \/><\/a><\/p>\n<p>&nbsp;<\/p>\n","protected":false},"excerpt":{"rendered":"<p>Als Abschluss zum Gemeinsam Sicher Feuerwehr Projekt im Kindergarten, lud die FF Neustift und Rannariedl die Kindergartenkinder ins Feuerwehrhaus ein. Mit einer Fahrt mit allen Feuerwehrautos (f\u00fcnf)\u00a0 durch die Gemeinde begann dieser tolle Tag f\u00fcr die Kinder. Im Feuerwehrhaus Rannariedl wurden die Kinder in drei Gruppen geteilt um dann auf den verschiedenen Stationen alles probieren [&hellip;]<\/p>\n","protected":false},"author":3,"featured_media":1910,"comment_status":"closed","ping_status":"closed","sticky":false,"template":"","format":"standard","meta":{"ngg_post_thumbnail":0,"jetpack_post_was_ever_published":false,"_jetpack_newsletter_access":"","_jetpack_dont_email_post_to_subs":false,"_jetpack_newsletter_tier_id":0,"_jetpack_memberships_contains_paywalled_content":false,"_jetpack_memberships_contains_paid_content":false,"footnotes":"","jetpack_publicize_message":"","jetpack_publicize_feature_enabled":true,"jetpack_social_post_already_shared":true,"jetpack_social_options":{"image_generator_settings":{"template":"highway","enabled":false},"version":2}},"categories":[1],"tags":[],"class_list":["post-1906","post","type-post","status-publish","format-standard","has-post-thumbnail","hentry","category-allgemein"],"jetpack_publicize_connections":[],"jetpack_featured_media_url":"https:\/\/afk-lembach.at\/neustift\/files\/2015\/07\/CIMG7237.jpg","jetpack_shortlink":"https:\/\/wp.me\/p35J5s-uK","jetpack_sharing_enabled":true,"_links":{"self":[{"href":"https:\/\/afk-lembach.at\/neustift\/wp-json\/wp\/v2\/posts\/1906"}],"collection":[{"href":"https:\/\/afk-lembach.at\/neustift\/wp-json\/wp\/v2\/posts"}],"about":[{"href":"https:\/\/afk-lembach.at\/neustift\/wp-json\/wp\/v2\/types\/post"}],"author":[{"embeddable":true,"href":"https:\/\/afk-lembach.at\/neustift\/wp-json\/wp\/v2\/users\/3"}],"replies":[{"embeddable":true,"href":"https:\/\/afk-lembach.at\/neustift\/wp-json\/wp\/v2\/comments?post=1906"}],"version-history":[{"count":1,"href":"https:\/\/afk-lembach.at\/neustift\/wp-json\/wp\/v2\/posts\/1906\/revisions"}],"predecessor-version":[{"id":1918,"href":"https:\/\/afk-lembach.at\/neustift\/wp-json\/wp\/v2\/posts\/1906\/revisions\/1918"}],"wp:featuredmedia":[{"embeddable":true,"href":"https:\/\/afk-lembach.at\/neustift\/wp-json\/wp\/v2\/media\/1910"}],"wp:attachment":[{"href":"https:\/\/afk-lembach.at\/neustift\/wp-json\/wp\/v2\/media?parent=1906"}],"wp:term":[{"taxonomy":"category","embeddable":true,"href":"https:\/\/afk-lembach.at\/neustift\/wp-json\/wp\/v2\/categories?post=1906"},{"taxonomy":"post_tag","embeddable":true,"href":"https:\/\/afk-lembach.at\/neustift\/wp-json\/wp\/v2\/tags?post=1906"}],"curies":[{"name":"wp","href":"https:\/\/api.w.org\/{rel}","templated":true}]}}