{"id":1924,"date":"2015-09-28T16:50:26","date_gmt":"2015-09-28T14:50:26","guid":{"rendered":"http:\/\/afk-lembach.at\/neustift\/?p=1924"},"modified":"2015-09-28T16:50:26","modified_gmt":"2015-09-28T14:50:26","slug":"zivilschutz-probealarm-in-ganz-oesterreich","status":"publish","type":"post","link":"https:\/\/afk-lembach.at\/neustift\/2015\/09\/28\/zivilschutz-probealarm-in-ganz-oesterreich\/","title":{"rendered":"Zivilschutz-Probealarm in ganz \u00d6sterreich"},"content":{"rendered":"<p>3. Oktober 2015<\/p>\n<p>Zivilschutz-Probealarm in ganz \u00d6sterreich<\/p>\n<p>Am Samstag, den 3. Oktober 2015, wird wieder ein bundesweiter Zivilschutz-Probe\u00adalarm durchgef\u00fchrt. Zwischen 12:00 und 12:45 Uhr werden nach dem Signal \u201eSirenen\u00adprobe\u201c die drei Zivilschutzsignale \u201eWarnung\u201c, \u201eAlarm\u201c und \u201eEntwarnung\u201c in ganz \u00d6sterreich ausgestrahlt werden.<\/p>\n<p>Der Probealarm dient einerseits zur \u00dcberpr\u00fcfung der technischen Einrichtungen des Warn- und Alarmsystems, andererseits soll die Bev\u00f6lkerung mit diesen Signalen und ihrer Bedeutung vertraut gemacht werden. In den Medien wird w\u00e4hrend der Proben \u00fcber den Status Probe informiert.<\/p>\n<p>\u00d6sterreich verf\u00fcgt \u00fcber ein gut ausgebautes Warn- und Alarmsystem, das vom Bundesministerium f\u00fcr Inneres gemeinsam mit den \u00c4mtern der Landesregierungen und den Landes-Feuerwehrverb\u00e4nden betrieben wird.<\/p>\n<p>Damit verf\u00fcgt \u00d6sterreich als eines von wenigen L\u00e4ndern \u00fcber eine fl\u00e4chendeckende Sirenenwarnung.<\/p>\n<p>Die Signale k\u00f6nnen derzeit \u00fcber mehr als 8.200 Zivilschutzsirenen abgestrahlt werden.<\/p>\n<p>Die Ausl\u00f6sung der Signale kann je nach Gefahrensituation zentral von der Bundeswarnzentrale im Einsatz- und Krisenkoordinationscenter des Bundes\u00administeriums f\u00fcr Inneres, von den Landeswarnzentralen der einzelnen Bundesl\u00e4nder, den Bezirkswarnstellen oder auch direkt vor Ort erfolgen.<\/p>\n<p>&nbsp;<\/p>\n<p><a href=\"https:\/\/afk-lembach.at\/neustift\/files\/2015\/09\/1-e1443451727962.jpg\"><img loading=\"lazy\" decoding=\"async\" class=\"alignleft wp-image-1925 size-full\" src=\"https:\/\/afk-lembach.at\/neustift\/files\/2015\/09\/1-e1443451727962.jpg\" alt=\"1\" width=\"600\" height=\"848\" \/><\/a><\/p>\n","protected":false},"excerpt":{"rendered":"<p>3. Oktober 2015 Zivilschutz-Probealarm in ganz \u00d6sterreich Am Samstag, den 3. Oktober 2015, wird wieder ein bundesweiter Zivilschutz-Probe\u00adalarm durchgef\u00fchrt. Zwischen 12:00 und 12:45 Uhr werden nach dem Signal \u201eSirenen\u00adprobe\u201c die drei Zivilschutzsignale \u201eWarnung\u201c, \u201eAlarm\u201c und \u201eEntwarnung\u201c in ganz \u00d6sterreich ausgestrahlt werden. Der Probealarm dient einerseits zur \u00dcberpr\u00fcfung der technischen Einrichtungen des Warn- und Alarmsystems, andererseits [&hellip;]<\/p>\n","protected":false},"author":3,"featured_media":0,"comment_status":"closed","ping_status":"closed","sticky":false,"template":"","format":"standard","meta":{"ngg_post_thumbnail":0,"jetpack_post_was_ever_published":false,"_jetpack_newsletter_access":"","_jetpack_dont_email_post_to_subs":false,"_jetpack_newsletter_tier_id":0,"_jetpack_memberships_contains_paywalled_content":false,"_jetpack_memberships_contains_paid_content":false,"footnotes":"","jetpack_publicize_message":"","jetpack_publicize_feature_enabled":true,"jetpack_social_post_already_shared":true,"jetpack_social_options":{"image_generator_settings":{"template":"highway","enabled":false},"version":2}},"categories":[1],"tags":[33,32,31],"class_list":["post-1924","post","type-post","status-publish","format-standard","hentry","category-allgemein","tag-sirene-neustift","tag-sirenenprobe","tag-zivilschutzalarm"],"jetpack_publicize_connections":[],"jetpack_featured_media_url":"","jetpack_shortlink":"https:\/\/wp.me\/p35J5s-v2","jetpack_sharing_enabled":true,"_links":{"self":[{"href":"https:\/\/afk-lembach.at\/neustift\/wp-json\/wp\/v2\/posts\/1924"}],"collection":[{"href":"https:\/\/afk-lembach.at\/neustift\/wp-json\/wp\/v2\/posts"}],"about":[{"href":"https:\/\/afk-lembach.at\/neustift\/wp-json\/wp\/v2\/types\/post"}],"author":[{"embeddable":true,"href":"https:\/\/afk-lembach.at\/neustift\/wp-json\/wp\/v2\/users\/3"}],"replies":[{"embeddable":true,"href":"https:\/\/afk-lembach.at\/neustift\/wp-json\/wp\/v2\/comments?post=1924"}],"version-history":[{"count":1,"href":"https:\/\/afk-lembach.at\/neustift\/wp-json\/wp\/v2\/posts\/1924\/revisions"}],"predecessor-version":[{"id":1926,"href":"https:\/\/afk-lembach.at\/neustift\/wp-json\/wp\/v2\/posts\/1924\/revisions\/1926"}],"wp:attachment":[{"href":"https:\/\/afk-lembach.at\/neustift\/wp-json\/wp\/v2\/media?parent=1924"}],"wp:term":[{"taxonomy":"category","embeddable":true,"href":"https:\/\/afk-lembach.at\/neustift\/wp-json\/wp\/v2\/categories?post=1924"},{"taxonomy":"post_tag","embeddable":true,"href":"https:\/\/afk-lembach.at\/neustift\/wp-json\/wp\/v2\/tags?post=1924"}],"curies":[{"name":"wp","href":"https:\/\/api.w.org\/{rel}","templated":true}]}}