{"id":2071,"date":"2016-10-02T22:57:26","date_gmt":"2016-10-02T20:57:26","guid":{"rendered":"http:\/\/afk-lembach.at\/neustift\/?p=2071"},"modified":"2016-10-02T22:57:26","modified_gmt":"2016-10-02T20:57:26","slug":"technische-probleme-bei-zivilschutz-probealarm","status":"publish","type":"post","link":"https:\/\/afk-lembach.at\/neustift\/2016\/10\/02\/technische-probleme-bei-zivilschutz-probealarm\/","title":{"rendered":"Technische Probleme bei Zivilschutz Probealarm"},"content":{"rendered":"<p>Technische Probleme gab es Samstagmittag beim \u00f6sterreichweiten Zivilschutz-Probealarm.<\/p>\n<p>Gefahr besteht definitiv nicht, best\u00e4tigt die Landeswarnzentrale. Es d\u00fcrfte sich um technische Probleme handeln.<\/p>\n<p>Das Signal &#8222;Warnung&#8220; wurde um 12:19 Uhr ein zweites Mal in Folge ausgel\u00f6st. Um 12:30 folgte bei einigen Sirenen ein etwa 10-15 Sekunden langer Dauerton, \u00e4hnlich dem Programm &#8222;Sirenenprobe&#8220;, statt dem geplanten Signal &#8222;Alarm&#8220;, dabei d\u00fcrfte es sich aber um ein lokales Problem gehandelt haben, welches beispielsweise im Stadtgebiet Wels aufgetreten ist.<\/p>\n<p>Das Signal &#8222;Entwarnung&#8220; d\u00fcrfte dann hingegen wieder weitgehend korrekt funktioniert haben.<br \/>\nGefahr besteht definitiv nicht, best\u00e4tigt die Feuerwehr.<\/p>\n<p>&#8222;Die \u00fcber die Bundeswarnzentrale ausgel\u00f6ste Zivilschutzwarnung hat zwar funktioniert, allerdings ist aus derzeit unerkl\u00e4rlichen Gr\u00fcnden das Signal Zivilschutzwarnung zweimal erfolgt. Derzeit sind Techniker mit der Ermittlung, weshalb dieses Signal zweimal erfolgt ist, besch\u00e4ftigt,&#8220; berichtet Andreas Marik, Landesfeuerwehrkommando Ober\u00f6sterreich.<\/p>\n<p>&nbsp;<\/p>\n<p><a href=\"https:\/\/afk-lembach.at\/neustift\/files\/2016\/10\/Feuerwehrsirenen-Bild.jpg\"><img loading=\"lazy\" decoding=\"async\" class=\"alignleft size-full wp-image-2072\" src=\"https:\/\/afk-lembach.at\/neustift\/files\/2016\/10\/Feuerwehrsirenen-Bild.jpg\" alt=\"feuerwehrsirenen-bild\" width=\"640\" height=\"480\" srcset=\"https:\/\/afk-lembach.at\/neustift\/files\/2016\/10\/Feuerwehrsirenen-Bild.jpg 640w, https:\/\/afk-lembach.at\/neustift\/files\/2016\/10\/Feuerwehrsirenen-Bild-300x225.jpg 300w\" sizes=\"(max-width: 640px) 100vw, 640px\" \/><\/a><\/p>\n","protected":false},"excerpt":{"rendered":"<p>Technische Probleme gab es Samstagmittag beim \u00f6sterreichweiten Zivilschutz-Probealarm. Gefahr besteht definitiv nicht, best\u00e4tigt die Landeswarnzentrale. Es d\u00fcrfte sich um technische Probleme handeln. Das Signal &#8222;Warnung&#8220; wurde um 12:19 Uhr ein zweites Mal in Folge ausgel\u00f6st. Um 12:30 folgte bei einigen Sirenen ein etwa 10-15 Sekunden langer Dauerton, \u00e4hnlich dem Programm &#8222;Sirenenprobe&#8220;, statt dem geplanten Signal [&hellip;]<\/p>\n","protected":false},"author":3,"featured_media":0,"comment_status":"closed","ping_status":"closed","sticky":false,"template":"","format":"standard","meta":{"ngg_post_thumbnail":0,"jetpack_post_was_ever_published":false,"_jetpack_newsletter_access":"","_jetpack_dont_email_post_to_subs":false,"_jetpack_newsletter_tier_id":0,"_jetpack_memberships_contains_paywalled_content":false,"_jetpack_memberships_contains_paid_content":false,"footnotes":"","jetpack_publicize_message":"","jetpack_publicize_feature_enabled":true,"jetpack_social_post_already_shared":true,"jetpack_social_options":{"image_generator_settings":{"template":"highway","enabled":false},"version":2}},"categories":[1],"tags":[],"class_list":["post-2071","post","type-post","status-publish","format-standard","hentry","category-allgemein"],"jetpack_publicize_connections":[],"jetpack_featured_media_url":"","jetpack_shortlink":"https:\/\/wp.me\/p35J5s-xp","jetpack_sharing_enabled":true,"_links":{"self":[{"href":"https:\/\/afk-lembach.at\/neustift\/wp-json\/wp\/v2\/posts\/2071"}],"collection":[{"href":"https:\/\/afk-lembach.at\/neustift\/wp-json\/wp\/v2\/posts"}],"about":[{"href":"https:\/\/afk-lembach.at\/neustift\/wp-json\/wp\/v2\/types\/post"}],"author":[{"embeddable":true,"href":"https:\/\/afk-lembach.at\/neustift\/wp-json\/wp\/v2\/users\/3"}],"replies":[{"embeddable":true,"href":"https:\/\/afk-lembach.at\/neustift\/wp-json\/wp\/v2\/comments?post=2071"}],"version-history":[{"count":1,"href":"https:\/\/afk-lembach.at\/neustift\/wp-json\/wp\/v2\/posts\/2071\/revisions"}],"predecessor-version":[{"id":2073,"href":"https:\/\/afk-lembach.at\/neustift\/wp-json\/wp\/v2\/posts\/2071\/revisions\/2073"}],"wp:attachment":[{"href":"https:\/\/afk-lembach.at\/neustift\/wp-json\/wp\/v2\/media?parent=2071"}],"wp:term":[{"taxonomy":"category","embeddable":true,"href":"https:\/\/afk-lembach.at\/neustift\/wp-json\/wp\/v2\/categories?post=2071"},{"taxonomy":"post_tag","embeddable":true,"href":"https:\/\/afk-lembach.at\/neustift\/wp-json\/wp\/v2\/tags?post=2071"}],"curies":[{"name":"wp","href":"https:\/\/api.w.org\/{rel}","templated":true}]}}