{"id":2104,"date":"2017-03-11T09:52:43","date_gmt":"2017-03-11T08:52:43","guid":{"rendered":"http:\/\/afk-lembach.at\/neustift\/?p=2104"},"modified":"2017-03-11T14:55:26","modified_gmt":"2017-03-11T13:55:26","slug":"ehrenbrandinspektor-verstorben","status":"publish","type":"post","link":"https:\/\/afk-lembach.at\/neustift\/2017\/03\/11\/ehrenbrandinspektor-verstorben\/","title":{"rendered":"Ehrenbrandinspektor verstorben"},"content":{"rendered":"<p>In tiefer Trauer geben wir bekannt das unser langj\u00e4hriger Kamerad und Ehrendienstgradtr\u00e4ger Dorfer Georg verstorben ist.<\/p>\n<p>E-BI Dorfer war \u00fcber 60 Jahre Mitglied unserer Wehr.<\/p>\n<p>Georg verstarb am Donnerstag 09.03.2017 im 83. Lebensjahr.<\/p>\n<p>Das Begr\u00e4bnis findet am Montag um 14 Uhr in der Pfarrkirche P\u00fchret statt.<\/p>\n<p><a href=\"https:\/\/afk-lembach.at\/neustift\/files\/2017\/03\/kreuz.jpg\"><img loading=\"lazy\" decoding=\"async\" class=\"alignleft size-medium wp-image-2107\" src=\"https:\/\/afk-lembach.at\/neustift\/files\/2017\/03\/kreuz-300x203.jpg\" alt=\"\" width=\"300\" height=\"203\" srcset=\"https:\/\/afk-lembach.at\/neustift\/files\/2017\/03\/kreuz-300x203.jpg 300w, https:\/\/afk-lembach.at\/neustift\/files\/2017\/03\/kreuz.jpg 425w\" sizes=\"(max-width: 300px) 100vw, 300px\" \/><\/a><\/p>\n","protected":false},"excerpt":{"rendered":"<p>In tiefer Trauer geben wir bekannt das unser langj\u00e4hriger Kamerad und Ehrendienstgradtr\u00e4ger Dorfer Georg verstorben ist. E-BI Dorfer war \u00fcber 60 Jahre Mitglied unserer Wehr. Georg verstarb am Donnerstag 09.03.2017 im 83. Lebensjahr. Das Begr\u00e4bnis findet am Montag um 14 Uhr in der Pfarrkirche P\u00fchret statt.<\/p>\n","protected":false},"author":3,"featured_media":2107,"comment_status":"closed","ping_status":"closed","sticky":false,"template":"","format":"standard","meta":{"ngg_post_thumbnail":0,"jetpack_post_was_ever_published":false,"_jetpack_newsletter_access":"","_jetpack_dont_email_post_to_subs":true,"_jetpack_newsletter_tier_id":0,"_jetpack_memberships_contains_paywalled_content":false,"_jetpack_memberships_contains_paid_content":false,"footnotes":"","jetpack_publicize_message":"","jetpack_publicize_feature_enabled":true,"jetpack_social_post_already_shared":true,"jetpack_social_options":{"image_generator_settings":{"template":"highway","enabled":false},"version":2}},"categories":[1],"tags":[],"class_list":["post-2104","post","type-post","status-publish","format-standard","has-post-thumbnail","hentry","category-allgemein"],"jetpack_publicize_connections":[],"jetpack_featured_media_url":"https:\/\/afk-lembach.at\/neustift\/files\/2017\/03\/kreuz.jpg","jetpack_shortlink":"https:\/\/wp.me\/p35J5s-xW","jetpack_sharing_enabled":true,"_links":{"self":[{"href":"https:\/\/afk-lembach.at\/neustift\/wp-json\/wp\/v2\/posts\/2104"}],"collection":[{"href":"https:\/\/afk-lembach.at\/neustift\/wp-json\/wp\/v2\/posts"}],"about":[{"href":"https:\/\/afk-lembach.at\/neustift\/wp-json\/wp\/v2\/types\/post"}],"author":[{"embeddable":true,"href":"https:\/\/afk-lembach.at\/neustift\/wp-json\/wp\/v2\/users\/3"}],"replies":[{"embeddable":true,"href":"https:\/\/afk-lembach.at\/neustift\/wp-json\/wp\/v2\/comments?post=2104"}],"version-history":[{"count":4,"href":"https:\/\/afk-lembach.at\/neustift\/wp-json\/wp\/v2\/posts\/2104\/revisions"}],"predecessor-version":[{"id":2109,"href":"https:\/\/afk-lembach.at\/neustift\/wp-json\/wp\/v2\/posts\/2104\/revisions\/2109"}],"wp:featuredmedia":[{"embeddable":true,"href":"https:\/\/afk-lembach.at\/neustift\/wp-json\/wp\/v2\/media\/2107"}],"wp:attachment":[{"href":"https:\/\/afk-lembach.at\/neustift\/wp-json\/wp\/v2\/media?parent=2104"}],"wp:term":[{"taxonomy":"category","embeddable":true,"href":"https:\/\/afk-lembach.at\/neustift\/wp-json\/wp\/v2\/categories?post=2104"},{"taxonomy":"post_tag","embeddable":true,"href":"https:\/\/afk-lembach.at\/neustift\/wp-json\/wp\/v2\/tags?post=2104"}],"curies":[{"name":"wp","href":"https:\/\/api.w.org\/{rel}","templated":true}]}}