{"id":2629,"date":"2022-09-15T15:25:56","date_gmt":"2022-09-15T13:25:56","guid":{"rendered":"https:\/\/afk-lembach.at\/neustift\/?p=2629"},"modified":"2022-09-16T07:48:15","modified_gmt":"2022-09-16T05:48:15","slug":"lkw-bergung-15-09-2022","status":"publish","type":"post","link":"https:\/\/afk-lembach.at\/neustift\/2022\/09\/15\/lkw-bergung-15-09-2022\/","title":{"rendered":"LKW-Bergung 15.09.2022"},"content":{"rendered":"\n<p>Heute wurde unser Kommandant um 08:15 Uhr telefonisch zu einer LKW-Bergung gerufen.&nbsp;<\/p>\n\n\n\n<p>Auf einem G\u00fcterweg kam ein LKW von der Fahrbahn ab und blieb im, vom Regen der vergangenen Nacht, aufgeweichten Bankett stecken. Der LKW-Fahrer konnte sein Gef\u00e4hrt nicht mehr selbst\u00e4ndig befreien und so kontaktierten Anrainer die Feuerwehr Neustift. Diese r\u00fcckte sogleich mit dem RLFA aus und konnte nach mehreren Versuchen das Gespann, mit Hilfe der Einbauseilwinde, wieder zur\u00fcck auf die Fahrbahn ziehen.<\/p>\n\n\n\n<p>Um 10:30 war der Einsatz beendet und der LKW konnte seine Fahrt fortsetzen.<\/p>\n\n\n\n<p><\/p>\n\n\n\n<figure class=\"wp-block-image size-large\"><a href=\"https:\/\/afk-lembach.at\/neustift\/files\/2022\/09\/1-4.jpg\"><img loading=\"lazy\" decoding=\"async\" width=\"1024\" height=\"768\" src=\"https:\/\/afk-lembach.at\/neustift\/files\/2022\/09\/1-4-1024x768.jpg\" alt=\"\" class=\"wp-image-2654\" srcset=\"https:\/\/afk-lembach.at\/neustift\/files\/2022\/09\/1-4-1024x768.jpg 1024w, https:\/\/afk-lembach.at\/neustift\/files\/2022\/09\/1-4-300x225.jpg 300w, https:\/\/afk-lembach.at\/neustift\/files\/2022\/09\/1-4-768x576.jpg 768w, https:\/\/afk-lembach.at\/neustift\/files\/2022\/09\/1-4-1536x1152.jpg 1536w, https:\/\/afk-lembach.at\/neustift\/files\/2022\/09\/1-4.jpg 1599w\" sizes=\"(max-width: 1024px) 100vw, 1024px\" \/><\/a><\/figure>\n\n\n\n<figure class=\"wp-block-image size-large\"><a href=\"https:\/\/afk-lembach.at\/neustift\/files\/2022\/09\/2-3.jpg\"><img loading=\"lazy\" decoding=\"async\" width=\"768\" height=\"1024\" src=\"https:\/\/afk-lembach.at\/neustift\/files\/2022\/09\/2-3-768x1024.jpg\" alt=\"\" class=\"wp-image-2655\" srcset=\"https:\/\/afk-lembach.at\/neustift\/files\/2022\/09\/2-3-768x1024.jpg 768w, https:\/\/afk-lembach.at\/neustift\/files\/2022\/09\/2-3-225x300.jpg 225w, https:\/\/afk-lembach.at\/neustift\/files\/2022\/09\/2-3-1152x1536.jpg 1152w, https:\/\/afk-lembach.at\/neustift\/files\/2022\/09\/2-3.jpg 1500w\" sizes=\"(max-width: 768px) 100vw, 768px\" \/><\/a><\/figure>\n\n\n\n<p><\/p>\n\n\n\n<figure class=\"wp-block-image size-large\"><a href=\"https:\/\/afk-lembach.at\/neustift\/files\/2022\/09\/3-3.jpg\"><img loading=\"lazy\" decoding=\"async\" width=\"768\" height=\"1024\" src=\"https:\/\/afk-lembach.at\/neustift\/files\/2022\/09\/3-3-768x1024.jpg\" alt=\"\" class=\"wp-image-2656\" srcset=\"https:\/\/afk-lembach.at\/neustift\/files\/2022\/09\/3-3-768x1024.jpg 768w, https:\/\/afk-lembach.at\/neustift\/files\/2022\/09\/3-3-225x300.jpg 225w, https:\/\/afk-lembach.at\/neustift\/files\/2022\/09\/3-3-1152x1536.jpg 1152w, https:\/\/afk-lembach.at\/neustift\/files\/2022\/09\/3-3.jpg 1500w\" sizes=\"(max-width: 768px) 100vw, 768px\" \/><\/a><\/figure>\n\n\n\n<figure class=\"wp-block-image size-large\"><a href=\"https:\/\/afk-lembach.at\/neustift\/files\/2022\/09\/4-3.jpg\"><img loading=\"lazy\" decoding=\"async\" width=\"768\" height=\"1024\" src=\"https:\/\/afk-lembach.at\/neustift\/files\/2022\/09\/4-3-768x1024.jpg\" alt=\"\" class=\"wp-image-2657\" srcset=\"https:\/\/afk-lembach.at\/neustift\/files\/2022\/09\/4-3-768x1024.jpg 768w, https:\/\/afk-lembach.at\/neustift\/files\/2022\/09\/4-3-225x300.jpg 225w, https:\/\/afk-lembach.at\/neustift\/files\/2022\/09\/4-3-1152x1536.jpg 1152w, https:\/\/afk-lembach.at\/neustift\/files\/2022\/09\/4-3.jpg 1500w\" sizes=\"(max-width: 768px) 100vw, 768px\" \/><\/a><\/figure>\n\n\n","protected":false},"excerpt":{"rendered":"<p>Heute wurde unser Kommandant um 08:15 Uhr telefonisch zu einer LKW-Bergung gerufen.&nbsp; Auf einem G\u00fcterweg kam ein LKW von der Fahrbahn ab und blieb im, vom Regen der vergangenen Nacht, aufgeweichten Bankett stecken. Der LKW-Fahrer konnte sein Gef\u00e4hrt nicht mehr selbst\u00e4ndig befreien und so kontaktierten Anrainer die Feuerwehr Neustift. Diese r\u00fcckte sogleich mit dem RLFA [&hellip;]<\/p>\n","protected":false},"author":39,"featured_media":0,"comment_status":"closed","ping_status":"closed","sticky":false,"template":"","format":"standard","meta":{"ngg_post_thumbnail":0,"jetpack_post_was_ever_published":false,"_jetpack_newsletter_access":"","_jetpack_dont_email_post_to_subs":false,"_jetpack_newsletter_tier_id":0,"_jetpack_memberships_contains_paywalled_content":false,"_jetpack_memberships_contains_paid_content":false,"footnotes":"","jetpack_publicize_message":"","jetpack_publicize_feature_enabled":true,"jetpack_social_post_already_shared":true,"jetpack_social_options":{"image_generator_settings":{"template":"highway","enabled":false},"version":2}},"categories":[4],"tags":[30,17,52,49],"class_list":["post-2629","post","type-post","status-publish","format-standard","hentry","category-einsatz","tag-feuerwehr","tag-feuerwehr-neustift","tag-lkw-bergung","tag-unfall"],"jetpack_publicize_connections":[],"jetpack_featured_media_url":"","jetpack_shortlink":"https:\/\/wp.me\/p35J5s-Gp","jetpack_sharing_enabled":true,"_links":{"self":[{"href":"https:\/\/afk-lembach.at\/neustift\/wp-json\/wp\/v2\/posts\/2629"}],"collection":[{"href":"https:\/\/afk-lembach.at\/neustift\/wp-json\/wp\/v2\/posts"}],"about":[{"href":"https:\/\/afk-lembach.at\/neustift\/wp-json\/wp\/v2\/types\/post"}],"author":[{"embeddable":true,"href":"https:\/\/afk-lembach.at\/neustift\/wp-json\/wp\/v2\/users\/39"}],"replies":[{"embeddable":true,"href":"https:\/\/afk-lembach.at\/neustift\/wp-json\/wp\/v2\/comments?post=2629"}],"version-history":[{"count":6,"href":"https:\/\/afk-lembach.at\/neustift\/wp-json\/wp\/v2\/posts\/2629\/revisions"}],"predecessor-version":[{"id":2664,"href":"https:\/\/afk-lembach.at\/neustift\/wp-json\/wp\/v2\/posts\/2629\/revisions\/2664"}],"wp:attachment":[{"href":"https:\/\/afk-lembach.at\/neustift\/wp-json\/wp\/v2\/media?parent=2629"}],"wp:term":[{"taxonomy":"category","embeddable":true,"href":"https:\/\/afk-lembach.at\/neustift\/wp-json\/wp\/v2\/categories?post=2629"},{"taxonomy":"post_tag","embeddable":true,"href":"https:\/\/afk-lembach.at\/neustift\/wp-json\/wp\/v2\/tags?post=2629"}],"curies":[{"name":"wp","href":"https:\/\/api.w.org\/{rel}","templated":true}]}}