{"id":2675,"date":"2022-10-08T12:06:00","date_gmt":"2022-10-08T10:06:00","guid":{"rendered":"https:\/\/afk-lembach.at\/neustift\/?p=2675"},"modified":"2022-10-11T12:08:30","modified_gmt":"2022-10-11T10:08:30","slug":"hoehenretter-uebung-rannatalsperre","status":"publish","type":"post","link":"https:\/\/afk-lembach.at\/neustift\/2022\/10\/08\/hoehenretter-uebung-rannatalsperre\/","title":{"rendered":"H\u00f6henretter-\u00dcbung Rannatalsperre"},"content":{"rendered":"\n\n\n<p>Am Samstag, den 08.Oktober 2022, durften wir an einer \u00dcbung der H\u00f6henretter Feuerwehr \u00c4gidi teilnehmen. Bei dieser \u00dcbung wurde unter anderem eine Kapper-Bergung durchgef\u00fchrt (<span class=\"x_ContentPasted0\">eine vermeintlich abgest\u00fcrzte Person h\u00e4ngt am Seil unter\u00a0der Fahrbahn der Rannatalsperre,\u00a0<span class=\"x_ContentPasted1\">Die H\u00f6henrettung nimmt die Person auf und befreit diese vom eigenen Seil, anschlie\u00dfend werden gemeinsam abgeseilt<\/span>).<\/span><\/p>\n","protected":false},"excerpt":{"rendered":"<p>Am Samstag, den 08.Oktober 2022, durften wir an einer \u00dcbung der H\u00f6henretter Feuerwehr \u00c4gidi teilnehmen. Bei dieser \u00dcbung wurde unter anderem eine Kapper-Bergung durchgef\u00fchrt (eine vermeintlich abgest\u00fcrzte Person h\u00e4ngt am Seil unter\u00a0der Fahrbahn der Rannatalsperre,\u00a0Die H\u00f6henrettung nimmt die Person auf und befreit diese vom eigenen Seil, anschlie\u00dfend werden gemeinsam abgeseilt).<\/p>\n","protected":false},"author":39,"featured_media":0,"comment_status":"closed","ping_status":"closed","sticky":false,"template":"","format":"standard","meta":{"ngg_post_thumbnail":0,"jetpack_post_was_ever_published":false,"_jetpack_newsletter_access":"","_jetpack_dont_email_post_to_subs":false,"_jetpack_newsletter_tier_id":0,"_jetpack_memberships_contains_paywalled_content":false,"_jetpack_memberships_contains_paid_content":false,"footnotes":"","jetpack_publicize_message":"","jetpack_publicize_feature_enabled":true,"jetpack_social_post_already_shared":true,"jetpack_social_options":{"image_generator_settings":{"template":"highway","enabled":false},"version":2}},"categories":[5],"tags":[30,17,10,53,14,54],"class_list":["post-2675","post","type-post","status-publish","format-standard","hentry","category-ubung","tag-feuerwehr","tag-feuerwehr-neustift","tag-ff-neustift","tag-hoehenretter","tag-neustift","tag-uebung"],"jetpack_publicize_connections":[],"jetpack_featured_media_url":"","jetpack_shortlink":"https:\/\/wp.me\/p35J5s-H9","jetpack_sharing_enabled":true,"_links":{"self":[{"href":"https:\/\/afk-lembach.at\/neustift\/wp-json\/wp\/v2\/posts\/2675"}],"collection":[{"href":"https:\/\/afk-lembach.at\/neustift\/wp-json\/wp\/v2\/posts"}],"about":[{"href":"https:\/\/afk-lembach.at\/neustift\/wp-json\/wp\/v2\/types\/post"}],"author":[{"embeddable":true,"href":"https:\/\/afk-lembach.at\/neustift\/wp-json\/wp\/v2\/users\/39"}],"replies":[{"embeddable":true,"href":"https:\/\/afk-lembach.at\/neustift\/wp-json\/wp\/v2\/comments?post=2675"}],"version-history":[{"count":1,"href":"https:\/\/afk-lembach.at\/neustift\/wp-json\/wp\/v2\/posts\/2675\/revisions"}],"predecessor-version":[{"id":2676,"href":"https:\/\/afk-lembach.at\/neustift\/wp-json\/wp\/v2\/posts\/2675\/revisions\/2676"}],"wp:attachment":[{"href":"https:\/\/afk-lembach.at\/neustift\/wp-json\/wp\/v2\/media?parent=2675"}],"wp:term":[{"taxonomy":"category","embeddable":true,"href":"https:\/\/afk-lembach.at\/neustift\/wp-json\/wp\/v2\/categories?post=2675"},{"taxonomy":"post_tag","embeddable":true,"href":"https:\/\/afk-lembach.at\/neustift\/wp-json\/wp\/v2\/tags?post=2675"}],"curies":[{"name":"wp","href":"https:\/\/api.w.org\/{rel}","templated":true}]}}