{"id":2677,"date":"2022-09-24T12:10:00","date_gmt":"2022-09-24T10:10:00","guid":{"rendered":"https:\/\/afk-lembach.at\/neustift\/?p=2677"},"modified":"2022-10-11T12:11:40","modified_gmt":"2022-10-11T10:11:40","slug":"atemschutz-leistungspruefung-silber","status":"publish","type":"post","link":"https:\/\/afk-lembach.at\/neustift\/2022\/09\/24\/atemschutz-leistungspruefung-silber\/","title":{"rendered":"Atemschutz Leistungspr\u00fcfung Silber"},"content":{"rendered":"\n\n\n<p>Am Samstag, den 24. September, fand auf dem Areal der Feuerwehr Amesedt die Atemschutz Leistungspr\u00fcfung in der Kategorie Silber statt.<br aria-hidden=\"true\" \/><br aria-hidden=\"true\" \/>Seitens der Feuerwehr Neustift nahm auch ein Atemschutztrupp an dieser Leistungspr\u00fcfung teil.<br aria-hidden=\"true\" \/><br aria-hidden=\"true\" \/>Die Leistungspr\u00fcfung ist in vier Kategorien unterteilt:<br aria-hidden=\"true\" \/><br aria-hidden=\"true\" \/>Theoretische Pr\u00fcfung<br aria-hidden=\"true\" \/>Richtiges Anlegen des Atemschutzger\u00e4tes<br aria-hidden=\"true\" \/>Praktische \u00dcbung<br aria-hidden=\"true\" \/>Atemschutzger\u00e4t fachgerecht f\u00fcr n\u00e4chsten Einsatz vorbereiten<br aria-hidden=\"true\" \/>Das wochenlange Training machte sich bezahlt, und somit konnten die Neustifter Florianis\u00a0 (Markus Wieser, Max H\u00f6dl, Christian Schinkinger) dieses Abzeichen mit Bravour bestehen.<br aria-hidden=\"true\" \/><br aria-hidden=\"true\" \/>Am 08. Oktober findet die Atemschutzpr\u00fcfung in Gold statt, die FF Neustift stellt auch f\u00fcr dieses Abzeichen einen Trupp.<\/p>\n","protected":false},"excerpt":{"rendered":"<p>Am Samstag, den 24. September, fand auf dem Areal der Feuerwehr Amesedt die Atemschutz Leistungspr\u00fcfung in der Kategorie Silber statt.Seitens der Feuerwehr Neustift nahm auch ein Atemschutztrupp an dieser Leistungspr\u00fcfung teil.Die Leistungspr\u00fcfung ist in vier Kategorien unterteilt:Theoretische Pr\u00fcfungRichtiges Anlegen des Atemschutzger\u00e4tesPraktische \u00dcbungAtemschutzger\u00e4t fachgerecht f\u00fcr n\u00e4chsten Einsatz vorbereitenDas wochenlange Training machte sich bezahlt, und somit konnten [&hellip;]<\/p>\n","protected":false},"author":39,"featured_media":0,"comment_status":"closed","ping_status":"closed","sticky":false,"template":"","format":"standard","meta":{"ngg_post_thumbnail":0,"jetpack_post_was_ever_published":false,"_jetpack_newsletter_access":"","_jetpack_dont_email_post_to_subs":false,"_jetpack_newsletter_tier_id":0,"_jetpack_memberships_contains_paywalled_content":false,"_jetpack_memberships_contains_paid_content":false,"footnotes":"","jetpack_publicize_message":"","jetpack_publicize_feature_enabled":true,"jetpack_social_post_already_shared":true,"jetpack_social_options":{"image_generator_settings":{"template":"highway","enabled":false},"version":2}},"categories":[1],"tags":[56,55,30,17,10,14],"class_list":["post-2677","post","type-post","status-publish","format-standard","hentry","category-allgemein","tag-aslp","tag-atemschutz","tag-feuerwehr","tag-feuerwehr-neustift","tag-ff-neustift","tag-neustift"],"jetpack_publicize_connections":[],"jetpack_featured_media_url":"","jetpack_shortlink":"https:\/\/wp.me\/p35J5s-Hb","jetpack_sharing_enabled":true,"_links":{"self":[{"href":"https:\/\/afk-lembach.at\/neustift\/wp-json\/wp\/v2\/posts\/2677"}],"collection":[{"href":"https:\/\/afk-lembach.at\/neustift\/wp-json\/wp\/v2\/posts"}],"about":[{"href":"https:\/\/afk-lembach.at\/neustift\/wp-json\/wp\/v2\/types\/post"}],"author":[{"embeddable":true,"href":"https:\/\/afk-lembach.at\/neustift\/wp-json\/wp\/v2\/users\/39"}],"replies":[{"embeddable":true,"href":"https:\/\/afk-lembach.at\/neustift\/wp-json\/wp\/v2\/comments?post=2677"}],"version-history":[{"count":1,"href":"https:\/\/afk-lembach.at\/neustift\/wp-json\/wp\/v2\/posts\/2677\/revisions"}],"predecessor-version":[{"id":2678,"href":"https:\/\/afk-lembach.at\/neustift\/wp-json\/wp\/v2\/posts\/2677\/revisions\/2678"}],"wp:attachment":[{"href":"https:\/\/afk-lembach.at\/neustift\/wp-json\/wp\/v2\/media?parent=2677"}],"wp:term":[{"taxonomy":"category","embeddable":true,"href":"https:\/\/afk-lembach.at\/neustift\/wp-json\/wp\/v2\/categories?post=2677"},{"taxonomy":"post_tag","embeddable":true,"href":"https:\/\/afk-lembach.at\/neustift\/wp-json\/wp\/v2\/tags?post=2677"}],"curies":[{"name":"wp","href":"https:\/\/api.w.org\/{rel}","templated":true}]}}