{"id":292,"date":"2012-03-13T23:10:46","date_gmt":"2012-03-13T22:10:46","guid":{"rendered":"http:\/\/afk-lembach.at\/neustift\/?p=292"},"modified":"2012-03-17T23:14:54","modified_gmt":"2012-03-17T22:14:54","slug":"jahreshauptversammlung","status":"publish","type":"post","link":"https:\/\/afk-lembach.at\/neustift\/2012\/03\/13\/jahreshauptversammlung\/","title":{"rendered":"Jahreshauptversammlung 2012"},"content":{"rendered":"<p>Am 10.3.2012 hielt die FF Neustift ihre JHV ab.<br \/>\nKommandant Wallner berichtete \u00fcber das Einsatzreiche abgelaufene Jahr, unter anderem,\u00a0\u00a0das die FF Neustift bei 107 technische Eins\u00e4tze und 2 Brandeins\u00e4tze mit 366 Mann, 1666 Stunden geleistet hat und dabei 1786km zur\u00fcckgelegt wurden.<\/p>\n<p>F\u00fcr 25, 40 und 50 Jahre FF Mitgliedschaft wurden einige Mitglieder geehrt. Auch wurden 2 neue Feuerwehrm\u00e4nner und 1 Feuerwehrfrau angelobt. Nachtr\u00e4glich wurden auch noch die Leistungsabzeichen vom Landesfeuerwehrbewerb an die Jugend \u00fcbergeben.<\/p>\n<p>Kommandant Wallner gab auch bekannt das neue Jungfeuerwehrm\u00e4nner aufgenommen wurden und die Jugend bereits f\u00fcr den Wissenstest, der Ende M\u00e4rz stattfindet, flei\u00dfig \u00fcbt. .<\/p>\n<p>B\u00fcrgermeister Franz Rauscher informierte die Kameraden \u00fcber die T\u00e4tigkeiten der Gemeinde im Bereich Feuerwehrwesen, unter anderem auch, dass\u00a0der Neubau des Feuerwehrhauses bereits weit fortgeschritten ist und demn\u00e4chst die Inbetriebnahme erfolgen kann.<\/p>\n<p>Zum Abschluss gab es noch eine Diaschau\u00a0und\u00a0kurze Filme \u00fcber die\u00a0Eins\u00e4tze und \u00dcbungen\u00a0der FF Neustift im Jahr 2011.<\/p>\n<p style=\"text-align: center;\">ngg_shortcode_0_placeholder<\/p>\n","protected":false},"excerpt":{"rendered":"<p>Am 10.3.2012 hielt die FF Neustift ihre JHV ab. Kommandant Wallner berichtete \u00fcber das Einsatzreiche abgelaufene Jahr, unter anderem,\u00a0\u00a0das die FF Neustift bei 107 technische Eins\u00e4tze und 2 Brandeins\u00e4tze mit 366 Mann, 1666 Stunden geleistet hat und dabei 1786km zur\u00fcckgelegt wurden. F\u00fcr 25, 40 und 50 Jahre FF Mitgliedschaft wurden einige Mitglieder geehrt. Auch wurden [&hellip;]<\/p>\n","protected":false},"author":3,"featured_media":0,"comment_status":"closed","ping_status":"closed","sticky":false,"template":"","format":"standard","meta":{"ngg_post_thumbnail":0,"jetpack_post_was_ever_published":false,"_jetpack_newsletter_access":"","_jetpack_dont_email_post_to_subs":false,"_jetpack_newsletter_tier_id":0,"_jetpack_memberships_contains_paywalled_content":false,"_jetpack_memberships_contains_paid_content":false,"footnotes":"","jetpack_publicize_message":"","jetpack_publicize_feature_enabled":true,"jetpack_social_post_already_shared":false,"jetpack_social_options":{"image_generator_settings":{"template":"highway","enabled":false},"version":2}},"categories":[1],"tags":[],"class_list":["post-292","post","type-post","status-publish","format-standard","hentry","category-allgemein"],"jetpack_publicize_connections":[],"jetpack_featured_media_url":"","jetpack_shortlink":"https:\/\/wp.me\/p35J5s-4I","jetpack_sharing_enabled":true,"_links":{"self":[{"href":"https:\/\/afk-lembach.at\/neustift\/wp-json\/wp\/v2\/posts\/292"}],"collection":[{"href":"https:\/\/afk-lembach.at\/neustift\/wp-json\/wp\/v2\/posts"}],"about":[{"href":"https:\/\/afk-lembach.at\/neustift\/wp-json\/wp\/v2\/types\/post"}],"author":[{"embeddable":true,"href":"https:\/\/afk-lembach.at\/neustift\/wp-json\/wp\/v2\/users\/3"}],"replies":[{"embeddable":true,"href":"https:\/\/afk-lembach.at\/neustift\/wp-json\/wp\/v2\/comments?post=292"}],"version-history":[{"count":9,"href":"https:\/\/afk-lembach.at\/neustift\/wp-json\/wp\/v2\/posts\/292\/revisions"}],"predecessor-version":[{"id":301,"href":"https:\/\/afk-lembach.at\/neustift\/wp-json\/wp\/v2\/posts\/292\/revisions\/301"}],"wp:attachment":[{"href":"https:\/\/afk-lembach.at\/neustift\/wp-json\/wp\/v2\/media?parent=292"}],"wp:term":[{"taxonomy":"category","embeddable":true,"href":"https:\/\/afk-lembach.at\/neustift\/wp-json\/wp\/v2\/categories?post=292"},{"taxonomy":"post_tag","embeddable":true,"href":"https:\/\/afk-lembach.at\/neustift\/wp-json\/wp\/v2\/tags?post=292"}],"curies":[{"name":"wp","href":"https:\/\/api.w.org\/{rel}","templated":true}]}}