{"id":487,"date":"2012-04-19T03:21:52","date_gmt":"2012-04-19T01:21:52","guid":{"rendered":"http:\/\/afk-lembach.at\/neustift\/?p=487"},"modified":"2012-12-26T20:00:10","modified_gmt":"2012-12-26T19:00:10","slug":"5-5t-lenkerberechtigung-ausbildung","status":"publish","type":"post","link":"https:\/\/afk-lembach.at\/neustift\/2012\/04\/19\/5-5t-lenkerberechtigung-ausbildung\/","title":{"rendered":"5.5t Lenkerberechtigung Ausbildung"},"content":{"rendered":"<p>Aufgrund des gestiegenen Gesamtgewichtes von Einsatzfahrzeugen und der immer weniger werdenden C-Klasse Lenker wurde f\u00fcr die Feuerwehren ein eigener 5.5t F\u00fchrerschein geschaffen.<br \/>\nPkw Lenker mit der F\u00fchrerscheinklasse B k\u00f6nnen nun nach absolvierung der Ausbildung &#8222;5.5t Lenkerberechtigung&#8220; wieder Kleinl\u00f6schfahrzeuge lenken.<br \/>\nDiese Ausbildung findet derzeit bei der Feuerwehr Neustift statt.<br \/>\nEinige Kameraden haben bereits die theoretische Schulung und einen Fahrtechnikkurs absolviert.<br \/>\nDie Ausbildung, die ausschlie\u00dflich in der Feuerwehr stattfindet, hat Harald Sch\u00f6nberger vorbereitet, der solche Ausbildungen schon beim Roten Kreuz macht.<br \/>\nWeiter muss jeder Teilnehmer noch 4 Fahrstunden mit unserem KLFA machen.<br \/>\nZum Abschlu\u00df findet eine schriftliche und eine praktische Pr\u00fcfung statt, die von einem Fahrschullehrer abgenommen wird.<\/p>\n<p>&nbsp;<\/p>\n\n\t\t\t<div id='487-1' class='gallery gallery-487 gallery-columns-3 gallery-size-thumbnail' itemscope itemtype='http:\/\/schema.org\/ImageGallery'>\n\t\t\t\t<div class='gallery-row gallery-col-3 gallery-clear'>\n\t\t\t\t\t<figure class='gallery-item col-3' itemprop='associatedMedia' itemscope itemtype='http:\/\/schema.org\/ImageObject'>\n\t\t\t\t\t\t<div class='gallery-icon landscape'><a href='https:\/\/afk-lembach.at\/neustift\/files\/2012\/04\/55t-Fahrtechnikkurs1.jpg' itemprop=\"contentURL\"><img loading=\"lazy\" decoding=\"async\" width=\"150\" height=\"150\" src=\"https:\/\/afk-lembach.at\/neustift\/files\/2012\/04\/55t-Fahrtechnikkurs1-150x150.jpg\" class=\"attachment-thumbnail size-thumbnail\" alt=\"\" itemprop=\"thumbnail\" \/><\/a><\/div>\n\t\t\t\t\t<\/figure>\n\t\t\t\t\t<figure class='gallery-item col-3' itemprop='associatedMedia' itemscope itemtype='http:\/\/schema.org\/ImageObject'>\n\t\t\t\t\t\t<div class='gallery-icon landscape'><a href='https:\/\/afk-lembach.at\/neustift\/files\/2012\/04\/55t-Fahrtechnikkurs3.jpg' itemprop=\"contentURL\"><img loading=\"lazy\" decoding=\"async\" width=\"150\" height=\"150\" src=\"https:\/\/afk-lembach.at\/neustift\/files\/2012\/04\/55t-Fahrtechnikkurs3-150x150.jpg\" class=\"attachment-thumbnail size-thumbnail\" alt=\"\" itemprop=\"thumbnail\" \/><\/a><\/div>\n\t\t\t\t\t<\/figure>\n\t\t\t\t\t<figure class='gallery-item col-3' itemprop='associatedMedia' itemscope itemtype='http:\/\/schema.org\/ImageObject'>\n\t\t\t\t\t\t<div class='gallery-icon landscape'><a href='https:\/\/afk-lembach.at\/neustift\/files\/2012\/04\/55t-Fahrtechnikkurs5.jpg' itemprop=\"contentURL\"><img loading=\"lazy\" decoding=\"async\" width=\"150\" height=\"150\" src=\"https:\/\/afk-lembach.at\/neustift\/files\/2012\/04\/55t-Fahrtechnikkurs5-150x150.jpg\" class=\"attachment-thumbnail size-thumbnail\" alt=\"\" itemprop=\"thumbnail\" \/><\/a><\/div>\n\t\t\t\t\t<\/figure>\n\t\t\t\t<\/div>\n\t\t\t\t<div class='gallery-row gallery-col-3 gallery-clear'>\n\t\t\t\t\t<figure class='gallery-item col-3' itemprop='associatedMedia' itemscope itemtype='http:\/\/schema.org\/ImageObject'>\n\t\t\t\t\t\t<div class='gallery-icon landscape'><a href='https:\/\/afk-lembach.at\/neustift\/files\/2012\/04\/55t-Fahrtechnikkurs7.jpg' itemprop=\"contentURL\"><img loading=\"lazy\" decoding=\"async\" width=\"150\" height=\"150\" src=\"https:\/\/afk-lembach.at\/neustift\/files\/2012\/04\/55t-Fahrtechnikkurs7-150x150.jpg\" class=\"attachment-thumbnail size-thumbnail\" alt=\"\" itemprop=\"thumbnail\" \/><\/a><\/div>\n\t\t\t\t\t<\/figure>\n\t\t\t\t\t<figure class='gallery-item col-3' itemprop='associatedMedia' itemscope itemtype='http:\/\/schema.org\/ImageObject'>\n\t\t\t\t\t\t<div class='gallery-icon landscape'><a href='https:\/\/afk-lembach.at\/neustift\/files\/2012\/04\/55t-Fahrtechnikkurs8.jpg' itemprop=\"contentURL\"><img loading=\"lazy\" decoding=\"async\" width=\"150\" height=\"150\" src=\"https:\/\/afk-lembach.at\/neustift\/files\/2012\/04\/55t-Fahrtechnikkurs8-150x150.jpg\" class=\"attachment-thumbnail size-thumbnail\" alt=\"\" itemprop=\"thumbnail\" \/><\/a><\/div>\n\t\t\t\t\t<\/figure>\n\t\t\t\t\t<figure class='gallery-item col-3' itemprop='associatedMedia' itemscope itemtype='http:\/\/schema.org\/ImageObject'>\n\t\t\t\t\t\t<div class='gallery-icon landscape'><a href='https:\/\/afk-lembach.at\/neustift\/files\/2012\/04\/55t-Fahrtechnikkurs9.jpg' itemprop=\"contentURL\"><img loading=\"lazy\" decoding=\"async\" width=\"150\" height=\"150\" src=\"https:\/\/afk-lembach.at\/neustift\/files\/2012\/04\/55t-Fahrtechnikkurs9-150x150.jpg\" class=\"attachment-thumbnail size-thumbnail\" alt=\"\" itemprop=\"thumbnail\" \/><\/a><\/div>\n\t\t\t\t\t<\/figure>\n\t\t\t\t<\/div>\n\t\t\t\t<div class='gallery-row gallery-col-3 gallery-clear'>\n\t\t\t\t\t<figure class='gallery-item col-3' itemprop='associatedMedia' itemscope itemtype='http:\/\/schema.org\/ImageObject'>\n\t\t\t\t\t\t<div class='gallery-icon landscape'><a href='https:\/\/afk-lembach.at\/neustift\/files\/2012\/04\/55t-Fahrtechnikkurs10.jpg' itemprop=\"contentURL\"><img loading=\"lazy\" decoding=\"async\" width=\"150\" height=\"150\" src=\"https:\/\/afk-lembach.at\/neustift\/files\/2012\/04\/55t-Fahrtechnikkurs10-150x150.jpg\" class=\"attachment-thumbnail size-thumbnail\" alt=\"\" itemprop=\"thumbnail\" \/><\/a><\/div>\n\t\t\t\t\t<\/figure>\n\t\t\t\t\t<figure class='gallery-item col-3' itemprop='associatedMedia' itemscope itemtype='http:\/\/schema.org\/ImageObject'>\n\t\t\t\t\t\t<div class='gallery-icon landscape'><a href='https:\/\/afk-lembach.at\/neustift\/files\/2012\/04\/55t-Fahrtechnikkurs11.jpg' itemprop=\"contentURL\"><img loading=\"lazy\" decoding=\"async\" width=\"150\" height=\"150\" src=\"https:\/\/afk-lembach.at\/neustift\/files\/2012\/04\/55t-Fahrtechnikkurs11-150x150.jpg\" class=\"attachment-thumbnail size-thumbnail\" alt=\"\" itemprop=\"thumbnail\" \/><\/a><\/div>\n\t\t\t\t\t<\/figure>\n\t\t\t<\/div>\n\t\t\t<\/div><!-- .gallery -->\n\n","protected":false},"excerpt":{"rendered":"<p>Aufgrund des gestiegenen Gesamtgewichtes von Einsatzfahrzeugen und der immer weniger werdenden C-Klasse Lenker wurde f\u00fcr die Feuerwehren ein eigener 5.5t F\u00fchrerschein geschaffen. Pkw Lenker mit der F\u00fchrerscheinklasse B k\u00f6nnen nun nach absolvierung der Ausbildung &#8222;5.5t Lenkerberechtigung&#8220; wieder Kleinl\u00f6schfahrzeuge lenken. Diese Ausbildung findet derzeit bei der Feuerwehr Neustift statt. Einige Kameraden haben bereits die theoretische Schulung [&hellip;]<\/p>\n","protected":false},"author":3,"featured_media":0,"comment_status":"closed","ping_status":"closed","sticky":false,"template":"","format":"standard","meta":{"ngg_post_thumbnail":0,"jetpack_post_was_ever_published":false,"_jetpack_newsletter_access":"","_jetpack_dont_email_post_to_subs":false,"_jetpack_newsletter_tier_id":0,"_jetpack_memberships_contains_paywalled_content":false,"_jetpack_memberships_contains_paid_content":false,"footnotes":"","jetpack_publicize_message":"","jetpack_publicize_feature_enabled":true,"jetpack_social_post_already_shared":false,"jetpack_social_options":{"image_generator_settings":{"template":"highway","enabled":false},"version":2}},"categories":[5],"tags":[],"class_list":["post-487","post","type-post","status-publish","format-standard","hentry","category-ubung"],"jetpack_publicize_connections":[],"jetpack_featured_media_url":"","jetpack_shortlink":"https:\/\/wp.me\/p35J5s-7R","jetpack_sharing_enabled":true,"_links":{"self":[{"href":"https:\/\/afk-lembach.at\/neustift\/wp-json\/wp\/v2\/posts\/487"}],"collection":[{"href":"https:\/\/afk-lembach.at\/neustift\/wp-json\/wp\/v2\/posts"}],"about":[{"href":"https:\/\/afk-lembach.at\/neustift\/wp-json\/wp\/v2\/types\/post"}],"author":[{"embeddable":true,"href":"https:\/\/afk-lembach.at\/neustift\/wp-json\/wp\/v2\/users\/3"}],"replies":[{"embeddable":true,"href":"https:\/\/afk-lembach.at\/neustift\/wp-json\/wp\/v2\/comments?post=487"}],"version-history":[{"count":6,"href":"https:\/\/afk-lembach.at\/neustift\/wp-json\/wp\/v2\/posts\/487\/revisions"}],"predecessor-version":[{"id":516,"href":"https:\/\/afk-lembach.at\/neustift\/wp-json\/wp\/v2\/posts\/487\/revisions\/516"}],"wp:attachment":[{"href":"https:\/\/afk-lembach.at\/neustift\/wp-json\/wp\/v2\/media?parent=487"}],"wp:term":[{"taxonomy":"category","embeddable":true,"href":"https:\/\/afk-lembach.at\/neustift\/wp-json\/wp\/v2\/categories?post=487"},{"taxonomy":"post_tag","embeddable":true,"href":"https:\/\/afk-lembach.at\/neustift\/wp-json\/wp\/v2\/tags?post=487"}],"curies":[{"name":"wp","href":"https:\/\/api.w.org\/{rel}","templated":true}]}}