{"id":530,"date":"2012-04-25T01:14:49","date_gmt":"2012-04-24T23:14:49","guid":{"rendered":"http:\/\/afk-lembach.at\/neustift\/?p=530"},"modified":"2012-04-25T01:14:49","modified_gmt":"2012-04-24T23:14:49","slug":"feuerwehr-neustift-ist-ab-sofort-im-neuem-feuerwehrhaus-scharf","status":"publish","type":"post","link":"https:\/\/afk-lembach.at\/neustift\/2012\/04\/25\/feuerwehr-neustift-ist-ab-sofort-im-neuem-feuerwehrhaus-scharf\/","title":{"rendered":"Feuerwehr Neustift ist ab sofort im neuem Feuerwehrhaus SCHARF !!"},"content":{"rendered":"<p>Mit dem heutigen Tage ist unser altes Feuerwehrhaus Geschichte.<\/p>\n<p>Nach 1,5 Jahren Bauzeit konnten wir heute ins neue Geb\u00e4ude \u00fcbersiedeln.<\/p>\n<p>Ab sofort werden allen Eins\u00e4tze von hier aus get\u00e4tigt !!!<\/p>\n<p>N\u00e4here Infos und Fotos folgen bald !<\/p>\n<p>&nbsp;<\/p>\n<p><span style=\"color: #ff0000\"><strong>Feuerwehr Neustift- Wir f\u00fcr Eure Sicherheit !!\n\t\t\t<div id='530-1' class='gallery gallery-530 gallery-columns-2 gallery-size-thumbnail' itemscope itemtype='http:\/\/schema.org\/ImageGallery'>\n\t\t\t\t<div class='gallery-row gallery-col-2 gallery-clear'>\n\t\t\t\t\t<figure class='gallery-item col-2' itemprop='associatedMedia' itemscope itemtype='http:\/\/schema.org\/ImageObject'>\n\t\t\t\t\t\t<div class='gallery-icon landscape'><a href='https:\/\/afk-lembach.at\/neustift\/files\/2012\/04\/2012-04-24_13-59-55_483.jpg' itemprop=\"contentURL\"><img loading=\"lazy\" decoding=\"async\" width=\"150\" height=\"150\" src=\"https:\/\/afk-lembach.at\/neustift\/files\/2012\/04\/2012-04-24_13-59-55_483-150x150.jpg\" class=\"attachment-thumbnail size-thumbnail\" alt=\"\" itemprop=\"thumbnail\" \/><\/a><\/div>\n\t\t\t\t\t<\/figure>\n\t\t\t\t\t<figure class='gallery-item col-2' itemprop='associatedMedia' itemscope itemtype='http:\/\/schema.org\/ImageObject'>\n\t\t\t\t\t\t<div class='gallery-icon landscape'><a href='https:\/\/afk-lembach.at\/neustift\/files\/2012\/04\/2012-04-24_14-00-27_653.jpg' itemprop=\"contentURL\"><img loading=\"lazy\" decoding=\"async\" width=\"150\" height=\"150\" src=\"https:\/\/afk-lembach.at\/neustift\/files\/2012\/04\/2012-04-24_14-00-27_653-150x150.jpg\" class=\"attachment-thumbnail size-thumbnail\" alt=\"\" itemprop=\"thumbnail\" \/><\/a><\/div>\n\t\t\t\t\t<\/figure>\n\t\t\t\t<\/div>\n\t\t\t\t<div class='gallery-row gallery-col-2 gallery-clear'>\n\t\t\t\t\t<figure class='gallery-item col-2' itemprop='associatedMedia' itemscope itemtype='http:\/\/schema.org\/ImageObject'>\n\t\t\t\t\t\t<div class='gallery-icon landscape'><a href='https:\/\/afk-lembach.at\/neustift\/files\/2012\/04\/FWHfertig1.jpg' itemprop=\"contentURL\"><img loading=\"lazy\" decoding=\"async\" width=\"150\" height=\"150\" src=\"https:\/\/afk-lembach.at\/neustift\/files\/2012\/04\/FWHfertig1-150x150.jpg\" class=\"attachment-thumbnail size-thumbnail\" alt=\"\" itemprop=\"thumbnail\" \/><\/a><\/div>\n\t\t\t\t\t<\/figure>\n\t\t\t\t\t<figure class='gallery-item col-2' itemprop='associatedMedia' itemscope itemtype='http:\/\/schema.org\/ImageObject'>\n\t\t\t\t\t\t<div class='gallery-icon landscape'><a href='https:\/\/afk-lembach.at\/neustift\/files\/2012\/04\/FWHfertig8.jpg' itemprop=\"contentURL\"><img loading=\"lazy\" decoding=\"async\" width=\"150\" height=\"150\" src=\"https:\/\/afk-lembach.at\/neustift\/files\/2012\/04\/FWHfertig8-150x150.jpg\" class=\"attachment-thumbnail size-thumbnail\" alt=\"\" itemprop=\"thumbnail\" \/><\/a><\/div>\n\t\t\t\t\t<\/figure>\n\t\t\t\t<\/div>\n\t\t\t<\/div><!-- .gallery -->\n<\/p>\n<p><\/strong><\/span><\/p>\n<p><span style=\"color: #ff0000\"><strong>Notruf 122<\/strong><\/span><\/p>\n","protected":false},"excerpt":{"rendered":"<p>Mit dem heutigen Tage ist unser altes Feuerwehrhaus Geschichte. Nach 1,5 Jahren Bauzeit konnten wir heute ins neue Geb\u00e4ude \u00fcbersiedeln. Ab sofort werden allen Eins\u00e4tze von hier aus get\u00e4tigt !!! N\u00e4here Infos und Fotos folgen bald ! &nbsp; Feuerwehr Neustift- Wir f\u00fcr Eure Sicherheit !! Notruf 122<\/p>\n","protected":false},"author":3,"featured_media":0,"comment_status":"closed","ping_status":"closed","sticky":false,"template":"","format":"standard","meta":{"ngg_post_thumbnail":0,"jetpack_post_was_ever_published":false,"_jetpack_newsletter_access":"","_jetpack_dont_email_post_to_subs":false,"_jetpack_newsletter_tier_id":0,"_jetpack_memberships_contains_paywalled_content":false,"_jetpack_memberships_contains_paid_content":false,"footnotes":"","jetpack_publicize_message":"","jetpack_publicize_feature_enabled":true,"jetpack_social_post_already_shared":false,"jetpack_social_options":{"image_generator_settings":{"template":"highway","enabled":false},"version":2}},"categories":[1],"tags":[],"class_list":["post-530","post","type-post","status-publish","format-standard","hentry","category-allgemein"],"jetpack_publicize_connections":[],"jetpack_featured_media_url":"","jetpack_shortlink":"https:\/\/wp.me\/p35J5s-8y","jetpack_sharing_enabled":true,"_links":{"self":[{"href":"https:\/\/afk-lembach.at\/neustift\/wp-json\/wp\/v2\/posts\/530"}],"collection":[{"href":"https:\/\/afk-lembach.at\/neustift\/wp-json\/wp\/v2\/posts"}],"about":[{"href":"https:\/\/afk-lembach.at\/neustift\/wp-json\/wp\/v2\/types\/post"}],"author":[{"embeddable":true,"href":"https:\/\/afk-lembach.at\/neustift\/wp-json\/wp\/v2\/users\/3"}],"replies":[{"embeddable":true,"href":"https:\/\/afk-lembach.at\/neustift\/wp-json\/wp\/v2\/comments?post=530"}],"version-history":[{"count":2,"href":"https:\/\/afk-lembach.at\/neustift\/wp-json\/wp\/v2\/posts\/530\/revisions"}],"predecessor-version":[{"id":536,"href":"https:\/\/afk-lembach.at\/neustift\/wp-json\/wp\/v2\/posts\/530\/revisions\/536"}],"wp:attachment":[{"href":"https:\/\/afk-lembach.at\/neustift\/wp-json\/wp\/v2\/media?parent=530"}],"wp:term":[{"taxonomy":"category","embeddable":true,"href":"https:\/\/afk-lembach.at\/neustift\/wp-json\/wp\/v2\/categories?post=530"},{"taxonomy":"post_tag","embeddable":true,"href":"https:\/\/afk-lembach.at\/neustift\/wp-json\/wp\/v2\/tags?post=530"}],"curies":[{"name":"wp","href":"https:\/\/api.w.org\/{rel}","templated":true}]}}