{"id":573,"date":"2012-05-12T18:48:15","date_gmt":"2012-05-12T16:48:15","guid":{"rendered":"http:\/\/afk-lembach.at\/neustift\/?p=573"},"modified":"2012-05-12T18:48:15","modified_gmt":"2012-05-12T16:48:15","slug":"ff-neustift-hat-atemschutzleistungsprufung-stufe-3-gold-bestanden","status":"publish","type":"post","link":"https:\/\/afk-lembach.at\/neustift\/2012\/05\/12\/ff-neustift-hat-atemschutzleistungsprufung-stufe-3-gold-bestanden\/","title":{"rendered":"FF Neustift hat Atemschutzleistungspr\u00fcfung Stufe 3 Gold bestanden !!"},"content":{"rendered":"<p>Am 12.Mai 2012 stellte sich der erste Atemschutztrupp der Feuerwehr Neustift der Atemschutzleistungspr\u00fcfung Stufe 3 in Gold in Amesedt\/ Bez. Rohrbach.<\/p>\n<p>&nbsp;<\/p>\n<p>Angetreten waren J\u00e4germ\u00fcller Johann, Ecker Christopher und Rauscher Stefan.<\/p>\n<p>Der Trupp hatte sich wochenlang perfekt auf die Pr\u00fcfung vorbereitet und diese mit Erfolg bestanden.<\/p>\n<p>Bei der Schlussveranstaltung w\u00fcrdigte OBR Erich N\u00f6sslb\u00f6ck die Leistung der 11 angetretenen Trupps. Er badankte sich bei den Bewertern f\u00fcr die Durchf\u00fchrung der ASLP und er sei stolz solche &#8222;goldene&#8220; Atemschutztr\u00e4ger (die ersten im Bezirk Rohrbach) zu haben. Anschliessend \u00fcberreichte er ihnen das verdiente Abzeichen. Der Bewerbsleiter HAW Helmut Ratzesberger gratulierte ebenfalls allen Atemschutztr\u00e4gern und w\u00fcnscht allen \u201e noch einen Zug Luft\u201c nach einem Einsatz.<\/p>\n<p>Das Kommando der Feuerwehr Neustift gratuliert den goldenen Atemschutztr\u00e4gern zur bestandenen Pr\u00fcfung !!<\/p>\n<p>&nbsp;<\/p>\nngg_shortcode_0_placeholder\n","protected":false},"excerpt":{"rendered":"<p>Am 12.Mai 2012 stellte sich der erste Atemschutztrupp der Feuerwehr Neustift der Atemschutzleistungspr\u00fcfung Stufe 3 in Gold in Amesedt\/ Bez. Rohrbach. &nbsp; Angetreten waren J\u00e4germ\u00fcller Johann, Ecker Christopher und Rauscher Stefan. Der Trupp hatte sich wochenlang perfekt auf die Pr\u00fcfung vorbereitet und diese mit Erfolg bestanden. Bei der Schlussveranstaltung w\u00fcrdigte OBR Erich N\u00f6sslb\u00f6ck die Leistung [&hellip;]<\/p>\n","protected":false},"author":3,"featured_media":0,"comment_status":"closed","ping_status":"closed","sticky":false,"template":"","format":"standard","meta":{"ngg_post_thumbnail":0,"jetpack_post_was_ever_published":false,"_jetpack_newsletter_access":"","_jetpack_dont_email_post_to_subs":false,"_jetpack_newsletter_tier_id":0,"_jetpack_memberships_contains_paywalled_content":false,"_jetpack_memberships_contains_paid_content":false,"footnotes":"","jetpack_publicize_message":"","jetpack_publicize_feature_enabled":true,"jetpack_social_post_already_shared":false,"jetpack_social_options":{"image_generator_settings":{"template":"highway","enabled":false},"version":2}},"categories":[1],"tags":[],"class_list":["post-573","post","type-post","status-publish","format-standard","hentry","category-allgemein"],"jetpack_publicize_connections":[],"jetpack_featured_media_url":"","jetpack_shortlink":"https:\/\/wp.me\/p35J5s-9f","jetpack_sharing_enabled":true,"_links":{"self":[{"href":"https:\/\/afk-lembach.at\/neustift\/wp-json\/wp\/v2\/posts\/573"}],"collection":[{"href":"https:\/\/afk-lembach.at\/neustift\/wp-json\/wp\/v2\/posts"}],"about":[{"href":"https:\/\/afk-lembach.at\/neustift\/wp-json\/wp\/v2\/types\/post"}],"author":[{"embeddable":true,"href":"https:\/\/afk-lembach.at\/neustift\/wp-json\/wp\/v2\/users\/3"}],"replies":[{"embeddable":true,"href":"https:\/\/afk-lembach.at\/neustift\/wp-json\/wp\/v2\/comments?post=573"}],"version-history":[{"count":11,"href":"https:\/\/afk-lembach.at\/neustift\/wp-json\/wp\/v2\/posts\/573\/revisions"}],"predecessor-version":[{"id":584,"href":"https:\/\/afk-lembach.at\/neustift\/wp-json\/wp\/v2\/posts\/573\/revisions\/584"}],"wp:attachment":[{"href":"https:\/\/afk-lembach.at\/neustift\/wp-json\/wp\/v2\/media?parent=573"}],"wp:term":[{"taxonomy":"category","embeddable":true,"href":"https:\/\/afk-lembach.at\/neustift\/wp-json\/wp\/v2\/categories?post=573"},{"taxonomy":"post_tag","embeddable":true,"href":"https:\/\/afk-lembach.at\/neustift\/wp-json\/wp\/v2\/tags?post=573"}],"curies":[{"name":"wp","href":"https:\/\/api.w.org\/{rel}","templated":true}]}}