{"id":646,"date":"2012-06-26T00:22:50","date_gmt":"2012-06-25T22:22:50","guid":{"rendered":"http:\/\/afk-lembach.at\/neustift\/?p=646"},"modified":"2012-06-26T00:30:23","modified_gmt":"2012-06-25T22:30:23","slug":"da-oarme-feiawehrhauptmann","status":"publish","type":"post","link":"https:\/\/afk-lembach.at\/neustift\/2012\/06\/26\/da-oarme-feiawehrhauptmann\/","title":{"rendered":"Da oarme Feiawehrhauptmann"},"content":{"rendered":"<p><em><strong><span style=\"font-size: medium\">Oda: Oa Uglick kimmt seltn alloan<\/span><\/strong><\/em><\/p>\n<p>&nbsp;<\/p>\n<p><strong><em>\u00c0 Brand is ausbroch\u00e0,<\/em><\/strong><\/p>\n<p><strong><em>d`Sirene hot b\u00fchlt,<\/em><\/strong><\/p>\n<p><strong><em>\u00e0 Feiawehrhauptmann\u00a0<\/em><\/strong><\/p>\n<p><strong><em>wird trawi und w\u00fcd,<\/em><\/strong><\/p>\n<p><strong><em>und schreit sana Oitn:<\/em><\/strong><\/p>\n<p><strong><em>\u201eWo is mei Gwondt,<\/em><\/strong><\/p>\n<p><strong><em>meine Stief\u00f6n, mei H\u00e4m?<\/em><\/strong><\/p>\n<p><strong><em>Schn\u00e4 gib mas in d`Hand!\u201c<\/em><\/strong><\/p>\n<p><strong><em>\u00a0<\/em><\/strong><\/p>\n<p><strong><em>Sei Wei, des wos eh<\/em><\/strong><\/p>\n<p><strong><em>`s g\u00e0nzi Joahr kommandiert,<\/em><\/strong><\/p>\n<p><strong><em>klingt af oamoi kloalaut <\/em><\/strong><\/p>\n<p><strong><em>und domestiziert:<\/em><\/strong><\/p>\n<p><strong><em>\u201e Mei liawa M\u00e0nn, schimpf net,<\/em><\/strong><\/p>\n<p><strong><em>bitt goar sche bleib zahm,<\/em><\/strong><\/p>\n<p><strong><em>weil mia v\u00e0 dein Feiwehrzeig<\/em><\/strong><\/p>\n<p><strong><em>nix greifboar hobn.<\/em><\/strong><\/p>\n<p><strong><em>\u00a0<\/em><\/strong><\/p>\n<p><strong><em>Die Gwond des h\u00e0t Nobarin<\/em><\/strong><\/p>\n<p><strong><em>Zan Selcha braucht,<\/em><\/strong><\/p>\n<p><strong><em>weil wann\u00b4s in Selchkammerl<\/em><\/strong><\/p>\n<p><strong><em>net olleweil raucht,<\/em><\/strong><\/p>\n<p><strong><em>dann gibt f\u00fcr ihrn Speck<\/em><\/strong><\/p>\n<p><strong><em>den fein rauchign Gschm\u00e0ck<\/em><\/strong><\/p>\n<p><strong><em>die Feiwehruniform ausreichend ob.<\/em><\/strong><\/p>\n<p><strong><em>\u00a0<strong><em>\u00a0 ngg_shortcode_0_placeholder<\/em><\/strong><\/em><\/strong><\/p>\n<p>&nbsp;<\/p>\n<p><strong><em>De Stief\u00f6n, de hochn,<\/em><\/strong><\/p>\n<p><strong><em>ich sogs volla Sorgn,<\/em><\/strong><\/p>\n<p><strong><em>de hob i valiecha <\/em><\/strong><\/p>\n<p><strong><em>va gestan af moargn<\/em><\/strong><\/p>\n<p><strong><em>dein Schwogan, ich hob eahm<\/em><\/strong><\/p>\n<p><strong><em>net ausgschlogn de Bitt.<\/em><\/strong><\/p>\n<p><strong><em>Er Ramt netta<\/em><\/strong><\/p>\n<p><strong><em>D\u00b4Senkgruabn aus damit.\u201c<\/em><\/strong><\/p>\n<p><strong><em>\u00a0<\/em><\/strong><\/p>\n<p><strong><em>Do wiad da Kunt narrisch<\/em><\/strong><\/p>\n<p><strong><em>Und schreit sei Weib \u00e0n<\/em><\/strong><\/p>\n<p><strong><em>Mit an Ton, an Befehlston,<\/em><\/strong><\/p>\n<p><strong><em>so laut, wos er k\u00e0nn:<\/em><\/strong><\/p>\n<p><strong><em>\u201eJo, is denn da Helm<\/em><\/strong><\/p>\n<p><strong><em>goar ah au\u00dfa Haus?\u201c<\/em><\/strong><\/p>\n<p><strong><em>\u201eNa, der steht untan Bett,<\/em><\/strong><\/p>\n<p><strong><em>owa schitt`n net aus!\u201c<\/em><\/strong><\/p>\n","protected":false},"excerpt":{"rendered":"<p>Oda: Oa Uglick kimmt seltn alloan &nbsp; \u00c0 Brand is ausbroch\u00e0, d`Sirene hot b\u00fchlt, \u00e0 Feiawehrhauptmann\u00a0 wird trawi und w\u00fcd, und schreit sana Oitn: \u201eWo is mei Gwondt, meine Stief\u00f6n, mei H\u00e4m? Schn\u00e4 gib mas in d`Hand!\u201c \u00a0 Sei Wei, des wos eh `s g\u00e0nzi Joahr kommandiert, klingt af oamoi kloalaut und domestiziert: \u201e Mei [&hellip;]<\/p>\n","protected":false},"author":3,"featured_media":0,"comment_status":"closed","ping_status":"closed","sticky":false,"template":"","format":"standard","meta":{"ngg_post_thumbnail":0,"jetpack_post_was_ever_published":false,"_jetpack_newsletter_access":"","_jetpack_dont_email_post_to_subs":false,"_jetpack_newsletter_tier_id":0,"_jetpack_memberships_contains_paywalled_content":false,"_jetpack_memberships_contains_paid_content":false,"footnotes":"","jetpack_publicize_message":"","jetpack_publicize_feature_enabled":true,"jetpack_social_post_already_shared":false,"jetpack_social_options":{"image_generator_settings":{"template":"highway","enabled":false},"version":2}},"categories":[1],"tags":[],"class_list":["post-646","post","type-post","status-publish","format-standard","hentry","category-allgemein"],"jetpack_publicize_connections":[],"jetpack_featured_media_url":"","jetpack_shortlink":"https:\/\/wp.me\/p35J5s-aq","jetpack_sharing_enabled":true,"_links":{"self":[{"href":"https:\/\/afk-lembach.at\/neustift\/wp-json\/wp\/v2\/posts\/646"}],"collection":[{"href":"https:\/\/afk-lembach.at\/neustift\/wp-json\/wp\/v2\/posts"}],"about":[{"href":"https:\/\/afk-lembach.at\/neustift\/wp-json\/wp\/v2\/types\/post"}],"author":[{"embeddable":true,"href":"https:\/\/afk-lembach.at\/neustift\/wp-json\/wp\/v2\/users\/3"}],"replies":[{"embeddable":true,"href":"https:\/\/afk-lembach.at\/neustift\/wp-json\/wp\/v2\/comments?post=646"}],"version-history":[{"count":4,"href":"https:\/\/afk-lembach.at\/neustift\/wp-json\/wp\/v2\/posts\/646\/revisions"}],"predecessor-version":[{"id":649,"href":"https:\/\/afk-lembach.at\/neustift\/wp-json\/wp\/v2\/posts\/646\/revisions\/649"}],"wp:attachment":[{"href":"https:\/\/afk-lembach.at\/neustift\/wp-json\/wp\/v2\/media?parent=646"}],"wp:term":[{"taxonomy":"category","embeddable":true,"href":"https:\/\/afk-lembach.at\/neustift\/wp-json\/wp\/v2\/categories?post=646"},{"taxonomy":"post_tag","embeddable":true,"href":"https:\/\/afk-lembach.at\/neustift\/wp-json\/wp\/v2\/tags?post=646"}],"curies":[{"name":"wp","href":"https:\/\/api.w.org\/{rel}","templated":true}]}}