{"id":745,"date":"2012-08-24T07:13:56","date_gmt":"2012-08-24T05:13:56","guid":{"rendered":"http:\/\/afk-lembach.at\/neustift\/?p=745"},"modified":"2012-08-30T00:39:54","modified_gmt":"2012-08-29T22:39:54","slug":"feuerwehrhaus-wurde-eroffnet","status":"publish","type":"post","link":"https:\/\/afk-lembach.at\/neustift\/2012\/08\/24\/feuerwehrhaus-wurde-eroffnet\/","title":{"rendered":"Feuerwehrhaus wurde er\u00f6ffnet !!"},"content":{"rendered":"<p>Am Samstag 18.August 2012 wurde unser neues Feuerwehrhaus feierlich er\u00f6ffnet.<\/p>\nngg_shortcode_0_placeholder\n<p>30 Feuerwehren mit knapp 400 Mann nahmen an der Feier teil. Zahlreich Ehreng\u00e4ste konnte HBI Wallner brgr\u00fcssen, unter anderem Landesfeuerwehrkommandant Wolfgang Kronsteiner, Bezirksfeuerwehrkomandant Erich N\u00f6sslb\u00f6ck, die Abschnittskommandanten und einige Damen und Herren aus der Politik.<\/p>\n<p>Einen kurzen Bericht und einige Bilder finden sie auch hier in der Bezirksrundschau<\/p>\n<div><a title=\"Bezirksrundschau\" href=\"http:\/\/www.meinbezirk.at\/rohrbach-in-oberoesterreich\/magazin\/mit-neuem-feuerwehrhaus-bestens-geruestet-d323261.html\" target=\"_blank\">Bezirksrundschau<\/a><\/div>\n<div><\/div>\n<div>ngg_shortcode_1_placeholder<\/div>\n<div><\/div>\n<div>Die Feuerwehr Neustift bedankt sich in diesem Sinne bei allen Verantwortlichen aus der Politik, Feuerwehr und vor allem bei seinen Gemeindeb\u00fcrgern f\u00fcr die Unterst\u00fctzung !!<\/div>\n<div><\/div>\n<p>&nbsp;<\/p>\n","protected":false},"excerpt":{"rendered":"<p>Am Samstag 18.August 2012 wurde unser neues Feuerwehrhaus feierlich er\u00f6ffnet. 30 Feuerwehren mit knapp 400 Mann nahmen an der Feier teil. Zahlreich Ehreng\u00e4ste konnte HBI Wallner brgr\u00fcssen, unter anderem Landesfeuerwehrkommandant Wolfgang Kronsteiner, Bezirksfeuerwehrkomandant Erich N\u00f6sslb\u00f6ck, die Abschnittskommandanten und einige Damen und Herren aus der Politik. Einen kurzen Bericht und einige Bilder finden sie auch hier [&hellip;]<\/p>\n","protected":false},"author":3,"featured_media":0,"comment_status":"closed","ping_status":"closed","sticky":false,"template":"","format":"standard","meta":{"ngg_post_thumbnail":0,"jetpack_post_was_ever_published":false,"_jetpack_newsletter_access":"","_jetpack_dont_email_post_to_subs":false,"_jetpack_newsletter_tier_id":0,"_jetpack_memberships_contains_paywalled_content":false,"_jetpack_memberships_contains_paid_content":false,"footnotes":"","jetpack_publicize_message":"","jetpack_publicize_feature_enabled":true,"jetpack_social_post_already_shared":false,"jetpack_social_options":{"image_generator_settings":{"template":"highway","enabled":false},"version":2}},"categories":[1],"tags":[],"class_list":["post-745","post","type-post","status-publish","format-standard","hentry","category-allgemein"],"jetpack_publicize_connections":[],"jetpack_featured_media_url":"","jetpack_shortlink":"https:\/\/wp.me\/p35J5s-c1","jetpack_sharing_enabled":true,"_links":{"self":[{"href":"https:\/\/afk-lembach.at\/neustift\/wp-json\/wp\/v2\/posts\/745"}],"collection":[{"href":"https:\/\/afk-lembach.at\/neustift\/wp-json\/wp\/v2\/posts"}],"about":[{"href":"https:\/\/afk-lembach.at\/neustift\/wp-json\/wp\/v2\/types\/post"}],"author":[{"embeddable":true,"href":"https:\/\/afk-lembach.at\/neustift\/wp-json\/wp\/v2\/users\/3"}],"replies":[{"embeddable":true,"href":"https:\/\/afk-lembach.at\/neustift\/wp-json\/wp\/v2\/comments?post=745"}],"version-history":[{"count":8,"href":"https:\/\/afk-lembach.at\/neustift\/wp-json\/wp\/v2\/posts\/745\/revisions"}],"predecessor-version":[{"id":754,"href":"https:\/\/afk-lembach.at\/neustift\/wp-json\/wp\/v2\/posts\/745\/revisions\/754"}],"wp:attachment":[{"href":"https:\/\/afk-lembach.at\/neustift\/wp-json\/wp\/v2\/media?parent=745"}],"wp:term":[{"taxonomy":"category","embeddable":true,"href":"https:\/\/afk-lembach.at\/neustift\/wp-json\/wp\/v2\/categories?post=745"},{"taxonomy":"post_tag","embeddable":true,"href":"https:\/\/afk-lembach.at\/neustift\/wp-json\/wp\/v2\/tags?post=745"}],"curies":[{"name":"wp","href":"https:\/\/api.w.org\/{rel}","templated":true}]}}