{"id":802,"date":"2012-12-03T21:34:07","date_gmt":"2012-12-03T20:34:07","guid":{"rendered":"http:\/\/afk-lembach.at\/neustift\/?p=802"},"modified":"2012-12-03T21:37:57","modified_gmt":"2012-12-03T20:37:57","slug":"einladung-zur-blutspendeaktion","status":"publish","type":"post","link":"https:\/\/afk-lembach.at\/neustift\/2012\/12\/03\/einladung-zur-blutspendeaktion\/","title":{"rendered":"Einladung zur Blutspendeaktion"},"content":{"rendered":"<p>&nbsp;<\/p>\n<p><strong><span style=\"font-size: medium\"><em><span style=\"font-family: Calibri\"><span style=\"color: #ff0000\">Am Freitag 7.Dezember2012 findet in der VS Neustift wieder eine Blutspendeaktion statt<\/span><\/span><\/em><\/span><\/strong><\/p>\n<p><strong><span style=\"font-size: medium\"><em><span style=\"font-family: Calibri\"><span style=\"color: #ff0000\">Dauer: 15.30 Uhr bis 20.30 Uhr<\/span><\/span><\/em><\/span><\/strong><\/p>\nngg_shortcode_0_placeholder\n<p><strong><span style=\"font-size: medium\">\u00a0<span style=\"color: #000000\"><span style=\"font-family: Calibri\">Die freiwilligen Feuerwehren erf\u00fcllen in unserem Bundesland lebenswichtige Aufgaben. Sie sind nicht nur aus dem t\u00e4glichen Einsatzgeschehen, sondern auch aus der Versorgung der o\u00f6. Krankenh\u00e4user mit Blutkonserven nicht mehr wegzudenken.<\/span><\/span><\/span><\/strong><\/p>\n<p><strong><span style=\"font-size: medium\"><span style=\"color: #000000\"><span style=\"font-family: Calibri\">Unterst\u00fctzen Sie auch in Zukunft die Blutspendeaktionen des Roten Kreuzes, bleiben Sie auch in Zukunft ein Vorbild f\u00fcr die Bev\u00f6lkerung.<\/span><\/span><\/span><\/strong><\/p>\n<p><strong><span style=\"font-size: medium\"><span style=\"color: #000000\"><span style=\"font-family: Calibri\">Blutspenden ist jedoch nicht nur ein sozial wertvoller Akt, es ist auch ein Beitrag zur pers\u00f6nlichen Gesundheitsvorsorge jedes einzelnen Spenders. <\/span><\/span><\/span><\/strong><\/p>\n<p><strong><span style=\"font-size: medium\"><span style=\"color: #000000\"><span style=\"font-family: Calibri\">Jede Spende wird automatisch u.a. auf Aids, Hepatitis, Cholesterin, Leberwerte \u00fcberpr\u00fcft.<\/span><\/span><\/span><\/strong><\/p>\n<p><strong><span style=\"font-size: medium\"><span style=\"color: #000000\"><span style=\"font-family: Calibri\">Zudem ist erwiesen, dass Blutspenden das Herzinfarktrisiko, vor allem bei M\u00e4nnern, wesentlich senkt.<\/span><\/span><\/span><\/strong><\/p>\n<p><em><span style=\"color: #ff0000\"><strong><span style=\"font-size: large\">Spende Blut &#8211;&gt; Rette Leben<\/span><\/strong><\/span><\/em><\/p>\n","protected":false},"excerpt":{"rendered":"<p>&nbsp; Am Freitag 7.Dezember2012 findet in der VS Neustift wieder eine Blutspendeaktion statt Dauer: 15.30 Uhr bis 20.30 Uhr \u00a0Die freiwilligen Feuerwehren erf\u00fcllen in unserem Bundesland lebenswichtige Aufgaben. Sie sind nicht nur aus dem t\u00e4glichen Einsatzgeschehen, sondern auch aus der Versorgung der o\u00f6. Krankenh\u00e4user mit Blutkonserven nicht mehr wegzudenken. Unterst\u00fctzen Sie auch in Zukunft die [&hellip;]<\/p>\n","protected":false},"author":3,"featured_media":0,"comment_status":"closed","ping_status":"closed","sticky":false,"template":"","format":"standard","meta":{"ngg_post_thumbnail":0,"jetpack_post_was_ever_published":false,"_jetpack_newsletter_access":"","_jetpack_dont_email_post_to_subs":false,"_jetpack_newsletter_tier_id":0,"_jetpack_memberships_contains_paywalled_content":false,"_jetpack_memberships_contains_paid_content":false,"footnotes":"","jetpack_publicize_message":"","jetpack_publicize_feature_enabled":true,"jetpack_social_post_already_shared":false,"jetpack_social_options":{"image_generator_settings":{"template":"highway","enabled":false},"version":2}},"categories":[1],"tags":[],"class_list":["post-802","post","type-post","status-publish","format-standard","hentry","category-allgemein"],"jetpack_publicize_connections":[],"jetpack_featured_media_url":"","jetpack_shortlink":"https:\/\/wp.me\/p35J5s-cW","jetpack_sharing_enabled":true,"_links":{"self":[{"href":"https:\/\/afk-lembach.at\/neustift\/wp-json\/wp\/v2\/posts\/802"}],"collection":[{"href":"https:\/\/afk-lembach.at\/neustift\/wp-json\/wp\/v2\/posts"}],"about":[{"href":"https:\/\/afk-lembach.at\/neustift\/wp-json\/wp\/v2\/types\/post"}],"author":[{"embeddable":true,"href":"https:\/\/afk-lembach.at\/neustift\/wp-json\/wp\/v2\/users\/3"}],"replies":[{"embeddable":true,"href":"https:\/\/afk-lembach.at\/neustift\/wp-json\/wp\/v2\/comments?post=802"}],"version-history":[{"count":4,"href":"https:\/\/afk-lembach.at\/neustift\/wp-json\/wp\/v2\/posts\/802\/revisions"}],"predecessor-version":[{"id":806,"href":"https:\/\/afk-lembach.at\/neustift\/wp-json\/wp\/v2\/posts\/802\/revisions\/806"}],"wp:attachment":[{"href":"https:\/\/afk-lembach.at\/neustift\/wp-json\/wp\/v2\/media?parent=802"}],"wp:term":[{"taxonomy":"category","embeddable":true,"href":"https:\/\/afk-lembach.at\/neustift\/wp-json\/wp\/v2\/categories?post=802"},{"taxonomy":"post_tag","embeddable":true,"href":"https:\/\/afk-lembach.at\/neustift\/wp-json\/wp\/v2\/tags?post=802"}],"curies":[{"name":"wp","href":"https:\/\/api.w.org\/{rel}","templated":true}]}}