{"id":1954,"date":"2018-08-15T17:49:07","date_gmt":"2018-08-15T15:49:07","guid":{"rendered":"http:\/\/afk-lembach.at\/niederranna\/?p=1954"},"modified":"2018-11-08T10:57:15","modified_gmt":"2018-11-08T09:57:15","slug":"brand-im-seminarhotel-wesenufer","status":"publish","type":"post","link":"https:\/\/afk-lembach.at\/niederranna\/2018\/08\/15\/brand-im-seminarhotel-wesenufer\/","title":{"rendered":"Brand im Seminarhotel Wesenufer"},"content":{"rendered":"<p>Am 15.08.2018 um 22:52 Uhr wurde die FF Niederranna zu einem Geb\u00e4udebrand mit Menschenansammlung in 4085 Wesenufer alarmiert.<\/p>\n<p>Bereits um 22:38 Uhr wurde dort ein Brand im Bereich des im Seminarhotel untergebrachten Nahversorgers entdeckt.<\/p>\n<p>Gemeinsam mit den Feuerwehren Aichberg, Engelhartszell, Erledt und Wesenufer (Alarmstufe 2) stand die FF Niederranna mit 2 Fahrzeugen und 16 Mann im Einsatz.<\/p>\n<p>Aufgrund der starken Rauchentwicklung wurden die R\u00e4umlichkeiten bel\u00fcftet bzw. rauchfrei gemacht und der Brandherd gel\u00f6scht.<\/p>\n<p>Die Hotelg\u00e4ste wurden zu ihrer eigenen Sicherheit evakuiert, es bestand jedoch aufgrund des raschen Einschreitens der Einsatzkr\u00e4fte keine Gefahr f\u00fcr sie.<\/p>\n<p>Als Brandursache gab die Polizei einen elektrischen Defekt einer K\u00fchlvitrine an. Der entstandene Schaden liegt im sechsstelligen Euro-Bereich.<\/p>\n<p>&nbsp;<\/p>\n<p><a href=\"https:\/\/afk-lembach.at\/niederranna\/bilder\/nggallery\/alles\/Brand-im-Seminarhotel-Wesenufer\">Bilder<\/a><\/p>\n","protected":false},"excerpt":{"rendered":"<p>Am 15.08.2018 um 22:52 Uhr wurde die FF Niederranna zu einem Geb\u00e4udebrand mit Menschenansammlung in 4085 Wesenufer alarmiert. Bereits um 22:38 Uhr wurde dort ein Brand im Bereich des im Seminarhotel untergebrachten Nahversorgers entdeckt. Gemeinsam mit den Feuerwehren Aichberg, Engelhartszell, Erledt und Wesenufer (Alarmstufe 2) stand die FF Niederranna mit 2 Fahrzeugen und 16 Mann [&hellip;]<\/p>\n","protected":false},"author":36,"featured_media":0,"comment_status":"closed","ping_status":"closed","sticky":false,"template":"","format":"standard","meta":{"ngg_post_thumbnail":0,"footnotes":""},"categories":[4],"tags":[],"class_list":["post-1954","post","type-post","status-publish","format-standard","hentry","category-einsatz"],"_links":{"self":[{"href":"https:\/\/afk-lembach.at\/niederranna\/wp-json\/wp\/v2\/posts\/1954"}],"collection":[{"href":"https:\/\/afk-lembach.at\/niederranna\/wp-json\/wp\/v2\/posts"}],"about":[{"href":"https:\/\/afk-lembach.at\/niederranna\/wp-json\/wp\/v2\/types\/post"}],"author":[{"embeddable":true,"href":"https:\/\/afk-lembach.at\/niederranna\/wp-json\/wp\/v2\/users\/36"}],"replies":[{"embeddable":true,"href":"https:\/\/afk-lembach.at\/niederranna\/wp-json\/wp\/v2\/comments?post=1954"}],"version-history":[{"count":2,"href":"https:\/\/afk-lembach.at\/niederranna\/wp-json\/wp\/v2\/posts\/1954\/revisions"}],"predecessor-version":[{"id":1976,"href":"https:\/\/afk-lembach.at\/niederranna\/wp-json\/wp\/v2\/posts\/1954\/revisions\/1976"}],"wp:attachment":[{"href":"https:\/\/afk-lembach.at\/niederranna\/wp-json\/wp\/v2\/media?parent=1954"}],"wp:term":[{"taxonomy":"category","embeddable":true,"href":"https:\/\/afk-lembach.at\/niederranna\/wp-json\/wp\/v2\/categories?post=1954"},{"taxonomy":"post_tag","embeddable":true,"href":"https:\/\/afk-lembach.at\/niederranna\/wp-json\/wp\/v2\/tags?post=1954"}],"curies":[{"name":"wp","href":"https:\/\/api.w.org\/{rel}","templated":true}]}}