{"id":2263,"date":"2019-06-05T12:45:03","date_gmt":"2019-06-05T10:45:03","guid":{"rendered":"http:\/\/afk-lembach.at\/niederranna\/?p=2263"},"modified":"2019-06-05T12:45:12","modified_gmt":"2019-06-05T10:45:12","slug":"bezirks-wasserwehrleistungsbewerb-schaerding","status":"publish","type":"post","link":"https:\/\/afk-lembach.at\/niederranna\/2019\/06\/05\/bezirks-wasserwehrleistungsbewerb-schaerding\/","title":{"rendered":"Bezirks-Wasserwehrleistungsbewerb Sch\u00e4rding"},"content":{"rendered":"\n<p>Durchaus erfolgreich verlief die Teilnahme unserer Zillenfahrer beim&nbsp;<strong>Bezirks-Wasserwehrleistungsbewerb des Bezirkes Sch\u00e4rding am 1. Juni in Engelhartszell.&nbsp;<\/strong><\/p>\n\n\n\n<p><strong>Wir gratulieren:<\/strong><\/p>\n\n\n\n<p><strong>Zilleneiner A G\u00e4se<\/strong><br>9. Christian K\u00f6nigsdorfer<br>11. Gerald Witti  <br>19. Mario Sch\u00f6ngrube<\/p>\n\n\n\n<p><strong>Zilleneiner B G\u00e4ste:<\/strong> <br>2. Herbert Luger&nbsp;  <br>5. Rudolf Peham<\/p>\n\n\n\n<p><\/p>\n\n\n\n<p><strong>2er Bronze A G\u00e4ste:<\/strong> <br>7. Mario Sch\u00f6ngruber\/Gerald Witti  <br>9. Christian K\u00f6nigsdorfer\/Michael Peham  <br>12. Josef Stallinger\/Philipp Strasser  <br>13. Samuel Ecker\/Rudolf Peham <\/p>\n\n\n\n<p><strong>2er Silber A G\u00e4ste:<\/strong> <br>4. Christian K\u00f6nigsdorfer\/Michael Peham  <br>5.&nbsp;Mario Sch\u00f6ngruber\/Gerald Witti  <\/p>\n\n\n\n<p><strong>2er Silber B G\u00e4ste:<\/strong> <br>1. Rudolf K\u00f6nigsdorfer\/Herbert Luger  <br>2. Rudolf Peham\/Josef Stallinger <br><\/p>\n\n\n\n<figure class=\"wp-block-image is-resized\"><img loading=\"lazy\" decoding=\"async\" src=\"https:\/\/afk-lembach.at\/niederranna\/files\/2019\/06\/P6010767-1024x768.jpg\" alt=\"\" class=\"wp-image-2264\" width=\"512\" height=\"384\" srcset=\"https:\/\/afk-lembach.at\/niederranna\/files\/2019\/06\/P6010767-1024x768.jpg 1024w, https:\/\/afk-lembach.at\/niederranna\/files\/2019\/06\/P6010767-300x225.jpg 300w, https:\/\/afk-lembach.at\/niederranna\/files\/2019\/06\/P6010767-768x576.jpg 768w, https:\/\/afk-lembach.at\/niederranna\/files\/2019\/06\/P6010767.jpg 1200w\" sizes=\"(max-width: 512px) 100vw, 512px\" \/><\/figure>\n\n\n\n<figure class=\"wp-block-image is-resized\"><img loading=\"lazy\" decoding=\"async\" src=\"https:\/\/afk-lembach.at\/niederranna\/files\/2019\/06\/P6010733-1-1024x768.jpg\" alt=\"\" class=\"wp-image-2268\" width=\"512\" height=\"384\" srcset=\"https:\/\/afk-lembach.at\/niederranna\/files\/2019\/06\/P6010733-1-1024x768.jpg 1024w, https:\/\/afk-lembach.at\/niederranna\/files\/2019\/06\/P6010733-1-300x225.jpg 300w, https:\/\/afk-lembach.at\/niederranna\/files\/2019\/06\/P6010733-1-768x576.jpg 768w, https:\/\/afk-lembach.at\/niederranna\/files\/2019\/06\/P6010733-1.jpg 1200w\" sizes=\"(max-width: 512px) 100vw, 512px\" \/><\/figure>\n","protected":false},"excerpt":{"rendered":"<p>Durchaus erfolgreich verlief die Teilnahme unserer Zillenfahrer beim&nbsp;Bezirks-Wasserwehrleistungsbewerb des Bezirkes Sch\u00e4rding am 1. Juni in Engelhartszell.&nbsp; Wir gratulieren: Zilleneiner A G\u00e4se9. Christian K\u00f6nigsdorfer11. Gerald Witti 19. Mario Sch\u00f6ngrube Zilleneiner B G\u00e4ste: 2. Herbert Luger&nbsp; 5. Rudolf Peham 2er Bronze A G\u00e4ste: 7. Mario Sch\u00f6ngruber\/Gerald Witti 9. Christian K\u00f6nigsdorfer\/Michael Peham 12. Josef Stallinger\/Philipp Strasser 13. Samuel [&hellip;]<\/p>\n","protected":false},"author":21,"featured_media":0,"comment_status":"closed","ping_status":"closed","sticky":false,"template":"","format":"standard","meta":{"ngg_post_thumbnail":0,"footnotes":""},"categories":[1],"tags":[],"class_list":["post-2263","post","type-post","status-publish","format-standard","hentry","category-allgemein"],"_links":{"self":[{"href":"https:\/\/afk-lembach.at\/niederranna\/wp-json\/wp\/v2\/posts\/2263"}],"collection":[{"href":"https:\/\/afk-lembach.at\/niederranna\/wp-json\/wp\/v2\/posts"}],"about":[{"href":"https:\/\/afk-lembach.at\/niederranna\/wp-json\/wp\/v2\/types\/post"}],"author":[{"embeddable":true,"href":"https:\/\/afk-lembach.at\/niederranna\/wp-json\/wp\/v2\/users\/21"}],"replies":[{"embeddable":true,"href":"https:\/\/afk-lembach.at\/niederranna\/wp-json\/wp\/v2\/comments?post=2263"}],"version-history":[{"count":4,"href":"https:\/\/afk-lembach.at\/niederranna\/wp-json\/wp\/v2\/posts\/2263\/revisions"}],"predecessor-version":[{"id":2270,"href":"https:\/\/afk-lembach.at\/niederranna\/wp-json\/wp\/v2\/posts\/2263\/revisions\/2270"}],"wp:attachment":[{"href":"https:\/\/afk-lembach.at\/niederranna\/wp-json\/wp\/v2\/media?parent=2263"}],"wp:term":[{"taxonomy":"category","embeddable":true,"href":"https:\/\/afk-lembach.at\/niederranna\/wp-json\/wp\/v2\/categories?post=2263"},{"taxonomy":"post_tag","embeddable":true,"href":"https:\/\/afk-lembach.at\/niederranna\/wp-json\/wp\/v2\/tags?post=2263"}],"curies":[{"name":"wp","href":"https:\/\/api.w.org\/{rel}","templated":true}]}}