{"id":2323,"date":"2019-10-19T22:03:30","date_gmt":"2019-10-19T20:03:30","guid":{"rendered":"http:\/\/afk-lembach.at\/niederranna\/?p=2323"},"modified":"2019-10-27T15:09:01","modified_gmt":"2019-10-27T14:09:01","slug":"herbstuebung-2019","status":"publish","type":"post","link":"https:\/\/afk-lembach.at\/niederranna\/2019\/10\/19\/herbstuebung-2019\/","title":{"rendered":"Herbst\u00fcbung 2019"},"content":{"rendered":"\n<p>Nicht jeder Ort hat das Gl\u00fcck wie Niederranna an einer nahezu unersch\u00f6pflichen Wasserquelle wie der Donau zu liegen. Das nahm sich OBI Bernhard Krenn als Grund, auch auf andere L\u00f6schwasserentnahmestellen einzugehen und wie sie zu finden sind.<\/p>\n<p>So lauschten am 19.10.2019 im Feuerwehrhaus Niederranna 21 Kameraden\/innen zuerst einer kurzen, allgemein gehaltenen Pr\u00e4sentation \u00fcber die Vielfalt der L\u00f6schwasserentnahmestellen und das dazu ben\u00f6tigte Equipment.<\/p>\n<p>Nach der theoretischen Einschulung setzten die \u00dcbungsteilnehmer das Geh\u00f6rte zuerst am neu installierten Unterflurhydranten, n\u00e4chst der Kirche Niederranna, um. Zwei bunt gemischte KLF-Besatzungen \u00fcbten hierbei das Arbeiten aus dem Fahrzeug, von der Wasserentnahmestelle Unterflurhydrant, bis zum Brandort \u201eObstgarten\u201c.<\/p>\n<p>Als n\u00e4chstes suchten die Kameraden\/innen den L\u00f6schwasserbeh\u00e4lter gegen\u00fcber dem Haus Niederranna 28 auf. Dieser wird vom \u201eMoserbachl\u201c gespeist. Es zeigte sich hier das Problem der \u201eVersandung\u201c, da der L\u00f6schwasserbeh\u00e4lter durch einen nat\u00fcrlichen Zufluss versorgt wird. Weiters betrug die geod\u00e4tische Saugh\u00f6he an die 8 Meter.<\/p>\n<p>Zum Abschluss \u00fcbte eine neue KLF-Besatzung das Ansaugen aus der Donau n\u00e4chst dem Feuerwehrhaus Niederranna. Es wurde auf einen festen Stand der TS und die M\u00f6glichkeit das Saugrohr sicher zu Wasser lassen zu k\u00f6nnen geachtet. Auch auf die Ausleuchtung der Einsatzstelle und das Absichern der \u00d6rtlichkeit wurden hierbei gedacht.<\/p>\n<p>Nach \u00dcbungsende und herstellen der Einsatzbereitschaft fand die Nachbesprechung im Feuerwehrhaus Niederranna gem\u00fctlich bei Speis und Trank statt.<\/p>\n<p>\u00a0<\/p>\n<p><a href=\"https:\/\/afk-lembach.at\/niederranna\/bilder\/nggallery\/alles\/Herbst\u00fcbung-2019\">Bilder<\/a><\/p>\n","protected":false},"excerpt":{"rendered":"<p>Nicht jeder Ort hat das Gl\u00fcck wie Niederranna an einer nahezu unersch\u00f6pflichen Wasserquelle wie der Donau zu liegen. Das nahm sich OBI Bernhard Krenn als Grund, auch auf andere L\u00f6schwasserentnahmestellen einzugehen und wie sie zu finden sind. So lauschten am 19.10.2019 im Feuerwehrhaus Niederranna 21 Kameraden\/innen zuerst einer kurzen, allgemein gehaltenen Pr\u00e4sentation \u00fcber die Vielfalt [&hellip;]<\/p>\n","protected":false},"author":36,"featured_media":0,"comment_status":"closed","ping_status":"closed","sticky":false,"template":"","format":"standard","meta":{"ngg_post_thumbnail":0,"footnotes":""},"categories":[5],"tags":[],"class_list":["post-2323","post","type-post","status-publish","format-standard","hentry","category-ubung"],"_links":{"self":[{"href":"https:\/\/afk-lembach.at\/niederranna\/wp-json\/wp\/v2\/posts\/2323"}],"collection":[{"href":"https:\/\/afk-lembach.at\/niederranna\/wp-json\/wp\/v2\/posts"}],"about":[{"href":"https:\/\/afk-lembach.at\/niederranna\/wp-json\/wp\/v2\/types\/post"}],"author":[{"embeddable":true,"href":"https:\/\/afk-lembach.at\/niederranna\/wp-json\/wp\/v2\/users\/36"}],"replies":[{"embeddable":true,"href":"https:\/\/afk-lembach.at\/niederranna\/wp-json\/wp\/v2\/comments?post=2323"}],"version-history":[{"count":2,"href":"https:\/\/afk-lembach.at\/niederranna\/wp-json\/wp\/v2\/posts\/2323\/revisions"}],"predecessor-version":[{"id":2325,"href":"https:\/\/afk-lembach.at\/niederranna\/wp-json\/wp\/v2\/posts\/2323\/revisions\/2325"}],"wp:attachment":[{"href":"https:\/\/afk-lembach.at\/niederranna\/wp-json\/wp\/v2\/media?parent=2323"}],"wp:term":[{"taxonomy":"category","embeddable":true,"href":"https:\/\/afk-lembach.at\/niederranna\/wp-json\/wp\/v2\/categories?post=2323"},{"taxonomy":"post_tag","embeddable":true,"href":"https:\/\/afk-lembach.at\/niederranna\/wp-json\/wp\/v2\/tags?post=2323"}],"curies":[{"name":"wp","href":"https:\/\/api.w.org\/{rel}","templated":true}]}}