{"id":2337,"date":"2020-02-10T21:03:00","date_gmt":"2020-02-10T20:03:00","guid":{"rendered":"http:\/\/afk-lembach.at\/niederranna\/?p=2337"},"modified":"2020-02-25T12:26:47","modified_gmt":"2020-02-25T11:26:47","slug":"sturmschaden","status":"publish","type":"post","link":"https:\/\/afk-lembach.at\/niederranna\/2020\/02\/10\/sturmschaden\/","title":{"rendered":"Sturmschaden"},"content":{"rendered":"\n<p>Am 10.02.2020 hatte das Sturmtief \u201eSabine\u201c mit Spitzen von bis zu 111 km\/h die Feuerwehren in Ober\u00f6sterreichbei bei 1.300 Eins\u00e4tzen fest im Griff. Wie auch 365 andere Feuerwehren, war die FF Niederranna bei den Folgen des Sturms im Einsatz.<\/p>\n<p>Um 09:52 Uhr wurden die Kameraden zu Aufr\u00e4umarbeiten auf der Ebenhoch Landesstra\u00dfe L587 zwischen Niederranna und Hofkirchen entsandt.<\/p>\n<p>Die erste H\u00fcrde mussten einige Kameraden bereits bei der Anfahrt zum Feuerwehrhaus \u00fcberwinden. B\u00e4ume waren auf die Stra\u00dfe zwischen Niederranna und Freizell gest\u00fcrzt. Diese konnte zum Gl\u00fcck rasch entfernt werden.<\/p>\n<p>Am eigentlichen Einsatzort, n\u00e4chst der \u201eWendeplatte\u201c, waren insgesamt 15 Mann mit den Aufr\u00e4umarbeiten und der Stra\u00dfensperre besch\u00e4ftigt. Mit den privaten Traktoren der Kameraden Thomas Antlanger und Michael Stallinger konnten die B\u00e4ume fachgerecht entfernt werden. Um 11:15 Uhr wurde schlie\u00dflich die Stra\u00dfe durch die Stra\u00dfenmeisterei Lembach wieder freigegeben.<\/p>\n<p>Zwei Kameraden waren im Feuerwehrhaus verblieben um m\u00f6gliche weitere Eins\u00e4tze zu koordinieren.<\/p>\n<p>\u00a0<\/p>\n<p><a href=\"https:\/\/afk-lembach.at\/niederranna\/bilder\/nggallery\/alles\/sturmschaden-10-02-2020\">Bilder<\/a><\/p>\n","protected":false},"excerpt":{"rendered":"<p>Am 10.02.2020 hatte das Sturmtief \u201eSabine\u201c mit Spitzen von bis zu 111 km\/h die Feuerwehren in Ober\u00f6sterreichbei bei 1.300 Eins\u00e4tzen fest im Griff. Wie auch 365 andere Feuerwehren, war die FF Niederranna bei den Folgen des Sturms im Einsatz. Um 09:52 Uhr wurden die Kameraden zu Aufr\u00e4umarbeiten auf der Ebenhoch Landesstra\u00dfe L587 zwischen Niederranna und [&hellip;]<\/p>\n","protected":false},"author":36,"featured_media":0,"comment_status":"closed","ping_status":"closed","sticky":false,"template":"","format":"standard","meta":{"ngg_post_thumbnail":0,"footnotes":""},"categories":[4],"tags":[],"class_list":["post-2337","post","type-post","status-publish","format-standard","hentry","category-einsatz"],"_links":{"self":[{"href":"https:\/\/afk-lembach.at\/niederranna\/wp-json\/wp\/v2\/posts\/2337"}],"collection":[{"href":"https:\/\/afk-lembach.at\/niederranna\/wp-json\/wp\/v2\/posts"}],"about":[{"href":"https:\/\/afk-lembach.at\/niederranna\/wp-json\/wp\/v2\/types\/post"}],"author":[{"embeddable":true,"href":"https:\/\/afk-lembach.at\/niederranna\/wp-json\/wp\/v2\/users\/36"}],"replies":[{"embeddable":true,"href":"https:\/\/afk-lembach.at\/niederranna\/wp-json\/wp\/v2\/comments?post=2337"}],"version-history":[{"count":5,"href":"https:\/\/afk-lembach.at\/niederranna\/wp-json\/wp\/v2\/posts\/2337\/revisions"}],"predecessor-version":[{"id":2350,"href":"https:\/\/afk-lembach.at\/niederranna\/wp-json\/wp\/v2\/posts\/2337\/revisions\/2350"}],"wp:attachment":[{"href":"https:\/\/afk-lembach.at\/niederranna\/wp-json\/wp\/v2\/media?parent=2337"}],"wp:term":[{"taxonomy":"category","embeddable":true,"href":"https:\/\/afk-lembach.at\/niederranna\/wp-json\/wp\/v2\/categories?post=2337"},{"taxonomy":"post_tag","embeddable":true,"href":"https:\/\/afk-lembach.at\/niederranna\/wp-json\/wp\/v2\/tags?post=2337"}],"curies":[{"name":"wp","href":"https:\/\/api.w.org\/{rel}","templated":true}]}}