{"id":1200,"date":"2015-02-24T07:36:21","date_gmt":"2015-02-24T06:36:21","guid":{"rendered":"http:\/\/afk-lembach.at\/oberkappel\/?p=1200"},"modified":"2015-04-23T21:39:43","modified_gmt":"2015-04-23T19:39:43","slug":"monatsuebung-februar-2","status":"publish","type":"post","link":"https:\/\/afk-lembach.at\/oberkappel\/2015\/02\/24\/monatsuebung-februar-2\/","title":{"rendered":"Monats\u00fcbung Februar (21.02.2015)"},"content":{"rendered":"<p>Unter den \u00dcbungsleitern Martin und Markus Zin\u00f6cker wurde das Hauptaugenmerk auf die, in unseren Fahrzeugen mitgef\u00fchrten, Ger\u00e4tschaften gelegt. Einzelne Ausr\u00fcstungsgegenst\u00e4nde mussten von den anwesenden Kameraden dem richtigen Fahrzeug zugeordnet und am richtigen Platz abgelegt werden. Im Einsatzfall ist wichtig, dass jeder Handgriff sitzt und die Platzierung der Einsatzmittel im Fahrzeug bekannt ist. Zum Abschluss gab es von Klemens Wintersteiger noch eine erste kleine Einschulung, in die seit Anfang Februar vorhandene W\u00e4rmebildkamera.<\/p>\n","protected":false},"excerpt":{"rendered":"<p>Unter den \u00dcbungsleitern Martin und Markus Zin\u00f6cker wurde das Hauptaugenmerk auf die, in unseren Fahrzeugen mitgef\u00fchrten, Ger\u00e4tschaften gelegt. Einzelne Ausr\u00fcstungsgegenst\u00e4nde mussten von den anwesenden Kameraden dem richtigen Fahrzeug zugeordnet und am richtigen Platz abgelegt werden. Im Einsatzfall ist wichtig, dass jeder Handgriff sitzt und die Platzierung der Einsatzmittel im Fahrzeug bekannt ist. Zum Abschluss gab [&hellip;]<\/p>\n","protected":false},"author":11,"featured_media":0,"comment_status":"closed","ping_status":"closed","sticky":false,"template":"","format":"standard","meta":{"ngg_post_thumbnail":0,"footnotes":""},"categories":[5],"tags":[],"class_list":["post-1200","post","type-post","status-publish","format-standard","hentry","category-ubung"],"_links":{"self":[{"href":"https:\/\/afk-lembach.at\/oberkappel\/wp-json\/wp\/v2\/posts\/1200"}],"collection":[{"href":"https:\/\/afk-lembach.at\/oberkappel\/wp-json\/wp\/v2\/posts"}],"about":[{"href":"https:\/\/afk-lembach.at\/oberkappel\/wp-json\/wp\/v2\/types\/post"}],"author":[{"embeddable":true,"href":"https:\/\/afk-lembach.at\/oberkappel\/wp-json\/wp\/v2\/users\/11"}],"replies":[{"embeddable":true,"href":"https:\/\/afk-lembach.at\/oberkappel\/wp-json\/wp\/v2\/comments?post=1200"}],"version-history":[{"count":2,"href":"https:\/\/afk-lembach.at\/oberkappel\/wp-json\/wp\/v2\/posts\/1200\/revisions"}],"predecessor-version":[{"id":1318,"href":"https:\/\/afk-lembach.at\/oberkappel\/wp-json\/wp\/v2\/posts\/1200\/revisions\/1318"}],"wp:attachment":[{"href":"https:\/\/afk-lembach.at\/oberkappel\/wp-json\/wp\/v2\/media?parent=1200"}],"wp:term":[{"taxonomy":"category","embeddable":true,"href":"https:\/\/afk-lembach.at\/oberkappel\/wp-json\/wp\/v2\/categories?post=1200"},{"taxonomy":"post_tag","embeddable":true,"href":"https:\/\/afk-lembach.at\/oberkappel\/wp-json\/wp\/v2\/tags?post=1200"}],"curies":[{"name":"wp","href":"https:\/\/api.w.org\/{rel}","templated":true}]}}