{"id":1210,"date":"2015-03-16T16:54:32","date_gmt":"2015-03-16T15:54:32","guid":{"rendered":"http:\/\/afk-lembach.at\/oberkappel\/?p=1210"},"modified":"2015-04-23T21:38:55","modified_gmt":"2015-04-23T19:38:55","slug":"monatsuebung-maerz-2","status":"publish","type":"post","link":"https:\/\/afk-lembach.at\/oberkappel\/2015\/03\/16\/monatsuebung-maerz-2\/","title":{"rendered":"Monats\u00fcbung M\u00e4rz (14.03.2015)"},"content":{"rendered":"<p>Von Alarmierung bis Einsatzende<\/p>\n<p style=\"text-align: justify\">Die \u00dcbung wurde in zwei Stationen und Gruppen gegliedert. 1. Station im Kommandoraum: Unter \u00dcbungsleiter Klemens Wintersteiger wurde das Hauptaugenmerk auf die in allen Fahrzeugen gelagerten Einsatzunterlagen (Pl\u00e4ne, Unterlagen, Formulare, usw.) gelegt, weiters wurden allgemeinen Themen der Haustechnik, der \u00fcberarbeitete SYBOS T\u00e4tigkeitsbericht und alle notwendigen T\u00e4tigkeiten nach dem Einr\u00fccken ins Feuerwehrhaus aufgefrischt.<\/p>\n<p style=\"text-align: justify\">2. Station im Funkraum: Hier wurde von Michael Gierlinger u. a. das Warn- und Alarmsystem und dessen Bedienung erkl\u00e4rt und alle n\u00f6tigen Schritte (im Falle einer Alarmierung, Ausfahrtsmeldung, Ausr\u00fcckordnung, usw.) durchgesprochen. Ein kurzer \u00dcberblick \u00fcber den Inhalt, des im Funkraum hinterlegten Ordner \u201eOMV-Einsatzunterlagen\u201c (Brandschutzpl\u00e4ne, usw.) und den neu \u00fcberarbeiteten Alarmplan, rundeten diese Station ab.<\/p>\n","protected":false},"excerpt":{"rendered":"<p>Von Alarmierung bis Einsatzende Die \u00dcbung wurde in zwei Stationen und Gruppen gegliedert. 1. Station im Kommandoraum: Unter \u00dcbungsleiter Klemens Wintersteiger wurde das Hauptaugenmerk auf die in allen Fahrzeugen gelagerten Einsatzunterlagen (Pl\u00e4ne, Unterlagen, Formulare, usw.) gelegt, weiters wurden allgemeinen Themen der Haustechnik, der \u00fcberarbeitete SYBOS T\u00e4tigkeitsbericht und alle notwendigen T\u00e4tigkeiten nach dem Einr\u00fccken ins Feuerwehrhaus [&hellip;]<\/p>\n","protected":false},"author":11,"featured_media":0,"comment_status":"closed","ping_status":"closed","sticky":false,"template":"","format":"standard","meta":{"ngg_post_thumbnail":0,"footnotes":""},"categories":[5],"tags":[],"class_list":["post-1210","post","type-post","status-publish","format-standard","hentry","category-ubung"],"_links":{"self":[{"href":"https:\/\/afk-lembach.at\/oberkappel\/wp-json\/wp\/v2\/posts\/1210"}],"collection":[{"href":"https:\/\/afk-lembach.at\/oberkappel\/wp-json\/wp\/v2\/posts"}],"about":[{"href":"https:\/\/afk-lembach.at\/oberkappel\/wp-json\/wp\/v2\/types\/post"}],"author":[{"embeddable":true,"href":"https:\/\/afk-lembach.at\/oberkappel\/wp-json\/wp\/v2\/users\/11"}],"replies":[{"embeddable":true,"href":"https:\/\/afk-lembach.at\/oberkappel\/wp-json\/wp\/v2\/comments?post=1210"}],"version-history":[{"count":3,"href":"https:\/\/afk-lembach.at\/oberkappel\/wp-json\/wp\/v2\/posts\/1210\/revisions"}],"predecessor-version":[{"id":1317,"href":"https:\/\/afk-lembach.at\/oberkappel\/wp-json\/wp\/v2\/posts\/1210\/revisions\/1317"}],"wp:attachment":[{"href":"https:\/\/afk-lembach.at\/oberkappel\/wp-json\/wp\/v2\/media?parent=1210"}],"wp:term":[{"taxonomy":"category","embeddable":true,"href":"https:\/\/afk-lembach.at\/oberkappel\/wp-json\/wp\/v2\/categories?post=1210"},{"taxonomy":"post_tag","embeddable":true,"href":"https:\/\/afk-lembach.at\/oberkappel\/wp-json\/wp\/v2\/tags?post=1210"}],"curies":[{"name":"wp","href":"https:\/\/api.w.org\/{rel}","templated":true}]}}