{"id":1218,"date":"2015-05-01T12:00:19","date_gmt":"2015-05-01T10:00:19","guid":{"rendered":"http:\/\/afk-lembach.at\/oberkappel\/?p=1218"},"modified":"2015-03-25T10:46:38","modified_gmt":"2015-03-25T09:46:38","slug":"blutspende-aktion-am-15-05-2015-in-oberkappel","status":"publish","type":"post","link":"https:\/\/afk-lembach.at\/oberkappel\/2015\/05\/01\/blutspende-aktion-am-15-05-2015-in-oberkappel\/","title":{"rendered":"Blutspende Aktion am 15.05.2015 in Oberkappel"},"content":{"rendered":"<p>Ohne die freiwilligen Blutspenden w\u00e4re eine Versorgung von kranken und verletzten Menschen nicht m\u00f6glich. Blut ist nach wie vor das Notfallmedikament Nummer 1 und kann nicht k\u00fcnstlich hergestellt werden.<\/p>\n<p>Der O\u00f6. Landes-Feuerwehrverband und damit auch die FF Oberkappel unterst\u00fctzten deshalb die Blutspende-Aktionen des O\u00f6. Roten Kreuzes und informieren \u00fcber\u00a0Termine.<\/p>\n<p>Spendem\u00f6glichkeit in Oberkappel:<\/p>\n<p><strong>Freitag 15.05.2015 &#8211; 15:30 bis 20:30 Uhr &#8211; Volkschule Oberkappel<\/strong><\/p>\n<p>Spenden Sie Blut, retten Sie Leben!<\/p>\n<p>Besten Dank<\/p>\n<p>N\u00e4here Informationen zum Thema Blutspenden finden Sie auf\u00a0\u00a0 <a href=\"http:\/\/www.roteskreuz.at\/ooe\/blutspende\/\">http:\/\/www.roteskreuz.at\/ooe\/blutspende\/<\/a><\/p>\n","protected":false},"excerpt":{"rendered":"<p>Ohne die freiwilligen Blutspenden w\u00e4re eine Versorgung von kranken und verletzten Menschen nicht m\u00f6glich. Blut ist nach wie vor das Notfallmedikament Nummer 1 und kann nicht k\u00fcnstlich hergestellt werden. Der O\u00f6. Landes-Feuerwehrverband und damit auch die FF Oberkappel unterst\u00fctzten deshalb die Blutspende-Aktionen des O\u00f6. Roten Kreuzes und informieren \u00fcber\u00a0Termine. Spendem\u00f6glichkeit in Oberkappel: Freitag 15.05.2015 &#8211; [&hellip;]<\/p>\n","protected":false},"author":11,"featured_media":0,"comment_status":"closed","ping_status":"closed","sticky":false,"template":"","format":"standard","meta":{"ngg_post_thumbnail":0,"footnotes":""},"categories":[1],"tags":[],"class_list":["post-1218","post","type-post","status-publish","format-standard","hentry","category-allgemein"],"_links":{"self":[{"href":"https:\/\/afk-lembach.at\/oberkappel\/wp-json\/wp\/v2\/posts\/1218"}],"collection":[{"href":"https:\/\/afk-lembach.at\/oberkappel\/wp-json\/wp\/v2\/posts"}],"about":[{"href":"https:\/\/afk-lembach.at\/oberkappel\/wp-json\/wp\/v2\/types\/post"}],"author":[{"embeddable":true,"href":"https:\/\/afk-lembach.at\/oberkappel\/wp-json\/wp\/v2\/users\/11"}],"replies":[{"embeddable":true,"href":"https:\/\/afk-lembach.at\/oberkappel\/wp-json\/wp\/v2\/comments?post=1218"}],"version-history":[{"count":2,"href":"https:\/\/afk-lembach.at\/oberkappel\/wp-json\/wp\/v2\/posts\/1218\/revisions"}],"predecessor-version":[{"id":1220,"href":"https:\/\/afk-lembach.at\/oberkappel\/wp-json\/wp\/v2\/posts\/1218\/revisions\/1220"}],"wp:attachment":[{"href":"https:\/\/afk-lembach.at\/oberkappel\/wp-json\/wp\/v2\/media?parent=1218"}],"wp:term":[{"taxonomy":"category","embeddable":true,"href":"https:\/\/afk-lembach.at\/oberkappel\/wp-json\/wp\/v2\/categories?post=1218"},{"taxonomy":"post_tag","embeddable":true,"href":"https:\/\/afk-lembach.at\/oberkappel\/wp-json\/wp\/v2\/tags?post=1218"}],"curies":[{"name":"wp","href":"https:\/\/api.w.org\/{rel}","templated":true}]}}