{"id":1248,"date":"2015-03-31T17:34:45","date_gmt":"2015-03-31T15:34:45","guid":{"rendered":"http:\/\/afk-lembach.at\/oberkappel\/?p=1248"},"modified":"2015-04-04T15:53:13","modified_gmt":"2015-04-04T13:53:13","slug":"weitere-einsaetze-nach-sturmschaeden","status":"publish","type":"post","link":"https:\/\/afk-lembach.at\/oberkappel\/2015\/03\/31\/weitere-einsaetze-nach-sturmschaeden\/","title":{"rendered":"Weitere Eins\u00e4tze nach Sturmsch\u00e4den"},"content":{"rendered":"<p>Sturmtief Niklas h\u00e4lt uns auf Trab<\/p>\n<p>Am Dienstag den 31.03.2015 um 17:09 Uhr wurden wir von der Landeswarnzentrale via Sirene und Telefonalarmierung wieder zur Beseitigung\u00a0von Sturmsch\u00e4den\u00a0gerufen. Einsatzgrund auch diesmal: Auf der Landesstra\u00dfe zwischen Oberkappel und Kollerschlag\u00a0liegen B\u00e4ume\u00a0auf der Stra\u00dfe. Es wurden uns 3 verschiedene Einsatzstellen gemeldet. Die Verkehrshindernisse wurde nacheinander\u00a0beseitigt und die betroffenen Stra\u00dfenst\u00fccke konnten wieder freigegeben werden. Die FF Oberkappel war\u00a0circa eine Stunde im Einsatz.<\/p>\n<p><strong>ngg_shortcode_0_placeholder<\/strong><\/p>\n","protected":false},"excerpt":{"rendered":"<p>Sturmtief Niklas h\u00e4lt uns auf Trab Am Dienstag den 31.03.2015 um 17:09 Uhr wurden wir von der Landeswarnzentrale via Sirene und Telefonalarmierung wieder zur Beseitigung\u00a0von Sturmsch\u00e4den\u00a0gerufen. Einsatzgrund auch diesmal: Auf der Landesstra\u00dfe zwischen Oberkappel und Kollerschlag\u00a0liegen B\u00e4ume\u00a0auf der Stra\u00dfe. Es wurden uns 3 verschiedene Einsatzstellen gemeldet. Die Verkehrshindernisse wurde nacheinander\u00a0beseitigt und die betroffenen Stra\u00dfenst\u00fccke konnten [&hellip;]<\/p>\n","protected":false},"author":11,"featured_media":0,"comment_status":"closed","ping_status":"closed","sticky":false,"template":"","format":"standard","meta":{"ngg_post_thumbnail":0,"footnotes":""},"categories":[4],"tags":[14,12,11,15,16,17],"class_list":["post-1248","post","type-post","status-publish","format-standard","hentry","category-einsatz","tag-baum","tag-feuerwehr","tag-oberkappel","tag-strasse","tag-sturm","tag-sturmschaden"],"_links":{"self":[{"href":"https:\/\/afk-lembach.at\/oberkappel\/wp-json\/wp\/v2\/posts\/1248"}],"collection":[{"href":"https:\/\/afk-lembach.at\/oberkappel\/wp-json\/wp\/v2\/posts"}],"about":[{"href":"https:\/\/afk-lembach.at\/oberkappel\/wp-json\/wp\/v2\/types\/post"}],"author":[{"embeddable":true,"href":"https:\/\/afk-lembach.at\/oberkappel\/wp-json\/wp\/v2\/users\/11"}],"replies":[{"embeddable":true,"href":"https:\/\/afk-lembach.at\/oberkappel\/wp-json\/wp\/v2\/comments?post=1248"}],"version-history":[{"count":5,"href":"https:\/\/afk-lembach.at\/oberkappel\/wp-json\/wp\/v2\/posts\/1248\/revisions"}],"predecessor-version":[{"id":1266,"href":"https:\/\/afk-lembach.at\/oberkappel\/wp-json\/wp\/v2\/posts\/1248\/revisions\/1266"}],"wp:attachment":[{"href":"https:\/\/afk-lembach.at\/oberkappel\/wp-json\/wp\/v2\/media?parent=1248"}],"wp:term":[{"taxonomy":"category","embeddable":true,"href":"https:\/\/afk-lembach.at\/oberkappel\/wp-json\/wp\/v2\/categories?post=1248"},{"taxonomy":"post_tag","embeddable":true,"href":"https:\/\/afk-lembach.at\/oberkappel\/wp-json\/wp\/v2\/tags?post=1248"}],"curies":[{"name":"wp","href":"https:\/\/api.w.org\/{rel}","templated":true}]}}