{"id":1322,"date":"2015-04-28T15:59:43","date_gmt":"2015-04-28T13:59:43","guid":{"rendered":"http:\/\/afk-lembach.at\/oberkappel\/?p=1322"},"modified":"2015-05-02T22:30:15","modified_gmt":"2015-05-02T20:30:15","slug":"einsatz-sturmschaden-2","status":"publish","type":"post","link":"https:\/\/afk-lembach.at\/oberkappel\/2015\/04\/28\/einsatz-sturmschaden-2\/","title":{"rendered":"Einsatz Sturmschaden"},"content":{"rendered":"<p>Am Dienstag 28.04.2015 um 15:42 Uhr wurden wir von der Landeswarnzentrale via Sirene und Telefonalarmierung zu einem Einsatz nach einem Sturmschaden alarmiert. Kurz vor Hoch\u00f6dt\u00a0hing ein Baum \u00fcber die Strasse und drohte auf eine Stromleitung zu fallen. Ein zuf\u00e4llig vorbei kommender Holztransporter \u00fcbernahm bis zu unserem Eintreffen die Sicherung des Baumes. Der Baum wurde von uns umgeschitten und damit die Gefahrensituation beseitigt. Die FF Oberkappel stand bis 16:23 Uhr im Einsatz.<\/p>\nngg_shortcode_0_placeholder\n","protected":false},"excerpt":{"rendered":"<p>Am Dienstag 28.04.2015 um 15:42 Uhr wurden wir von der Landeswarnzentrale via Sirene und Telefonalarmierung zu einem Einsatz nach einem Sturmschaden alarmiert. Kurz vor Hoch\u00f6dt\u00a0hing ein Baum \u00fcber die Strasse und drohte auf eine Stromleitung zu fallen. Ein zuf\u00e4llig vorbei kommender Holztransporter \u00fcbernahm bis zu unserem Eintreffen die Sicherung des Baumes. Der Baum wurde von [&hellip;]<\/p>\n","protected":false},"author":11,"featured_media":0,"comment_status":"closed","ping_status":"closed","sticky":false,"template":"","format":"standard","meta":{"ngg_post_thumbnail":0,"footnotes":""},"categories":[4],"tags":[14,12,15,16,17],"class_list":["post-1322","post","type-post","status-publish","format-standard","hentry","category-einsatz","tag-baum","tag-feuerwehr","tag-strasse","tag-sturm","tag-sturmschaden"],"_links":{"self":[{"href":"https:\/\/afk-lembach.at\/oberkappel\/wp-json\/wp\/v2\/posts\/1322"}],"collection":[{"href":"https:\/\/afk-lembach.at\/oberkappel\/wp-json\/wp\/v2\/posts"}],"about":[{"href":"https:\/\/afk-lembach.at\/oberkappel\/wp-json\/wp\/v2\/types\/post"}],"author":[{"embeddable":true,"href":"https:\/\/afk-lembach.at\/oberkappel\/wp-json\/wp\/v2\/users\/11"}],"replies":[{"embeddable":true,"href":"https:\/\/afk-lembach.at\/oberkappel\/wp-json\/wp\/v2\/comments?post=1322"}],"version-history":[{"count":5,"href":"https:\/\/afk-lembach.at\/oberkappel\/wp-json\/wp\/v2\/posts\/1322\/revisions"}],"predecessor-version":[{"id":1362,"href":"https:\/\/afk-lembach.at\/oberkappel\/wp-json\/wp\/v2\/posts\/1322\/revisions\/1362"}],"wp:attachment":[{"href":"https:\/\/afk-lembach.at\/oberkappel\/wp-json\/wp\/v2\/media?parent=1322"}],"wp:term":[{"taxonomy":"category","embeddable":true,"href":"https:\/\/afk-lembach.at\/oberkappel\/wp-json\/wp\/v2\/categories?post=1322"},{"taxonomy":"post_tag","embeddable":true,"href":"https:\/\/afk-lembach.at\/oberkappel\/wp-json\/wp\/v2\/tags?post=1322"}],"curies":[{"name":"wp","href":"https:\/\/api.w.org\/{rel}","templated":true}]}}