{"id":1329,"date":"2015-05-02T22:28:49","date_gmt":"2015-05-02T20:28:49","guid":{"rendered":"http:\/\/afk-lembach.at\/oberkappel\/?p=1329"},"modified":"2015-05-02T22:29:33","modified_gmt":"2015-05-02T20:29:33","slug":"maibaum-aufstellen-3","status":"publish","type":"post","link":"https:\/\/afk-lembach.at\/oberkappel\/2015\/05\/02\/maibaum-aufstellen-3\/","title":{"rendered":"Maibaum aufstellen"},"content":{"rendered":"<p>Am 30. April wurde auch heuer, diesmal bei\u00a0kaltem\u00a0aber trockenem Wetter,<br \/>\nwieder von der Feuerwehr der Maibaum aufgestellt. Besten Dank an die<br \/>\nFamilie\u00a0Norbert Perr aus Osterwasser f\u00fcr die Baumspende und ALLEN Beteiligten, die beim<br \/>\nBaumf\u00e4llen, Schepsen, Kranzbinden und Aufstellen mitgeholfen haben.<\/p>\n<p>Gemeinsam k\u00f6nnen wir diesen sch\u00f6nen alten Brauch aufrechterhalten.<\/p>\n<p>F\u00fcr das leibliche Wohl sorgte der Wirtschaftsbund Oberkappel<\/p>\nngg_shortcode_0_placeholder\n","protected":false},"excerpt":{"rendered":"<p>Am 30. April wurde auch heuer, diesmal bei\u00a0kaltem\u00a0aber trockenem Wetter, wieder von der Feuerwehr der Maibaum aufgestellt. Besten Dank an die Familie\u00a0Norbert Perr aus Osterwasser f\u00fcr die Baumspende und ALLEN Beteiligten, die beim Baumf\u00e4llen, Schepsen, Kranzbinden und Aufstellen mitgeholfen haben. Gemeinsam k\u00f6nnen wir diesen sch\u00f6nen alten Brauch aufrechterhalten. F\u00fcr das leibliche Wohl sorgte der Wirtschaftsbund [&hellip;]<\/p>\n","protected":false},"author":11,"featured_media":0,"comment_status":"closed","ping_status":"closed","sticky":false,"template":"","format":"standard","meta":{"ngg_post_thumbnail":0,"footnotes":""},"categories":[1],"tags":[23],"class_list":["post-1329","post","type-post","status-publish","format-standard","hentry","category-allgemein","tag-maibaum"],"_links":{"self":[{"href":"https:\/\/afk-lembach.at\/oberkappel\/wp-json\/wp\/v2\/posts\/1329"}],"collection":[{"href":"https:\/\/afk-lembach.at\/oberkappel\/wp-json\/wp\/v2\/posts"}],"about":[{"href":"https:\/\/afk-lembach.at\/oberkappel\/wp-json\/wp\/v2\/types\/post"}],"author":[{"embeddable":true,"href":"https:\/\/afk-lembach.at\/oberkappel\/wp-json\/wp\/v2\/users\/11"}],"replies":[{"embeddable":true,"href":"https:\/\/afk-lembach.at\/oberkappel\/wp-json\/wp\/v2\/comments?post=1329"}],"version-history":[{"count":2,"href":"https:\/\/afk-lembach.at\/oberkappel\/wp-json\/wp\/v2\/posts\/1329\/revisions"}],"predecessor-version":[{"id":1361,"href":"https:\/\/afk-lembach.at\/oberkappel\/wp-json\/wp\/v2\/posts\/1329\/revisions\/1361"}],"wp:attachment":[{"href":"https:\/\/afk-lembach.at\/oberkappel\/wp-json\/wp\/v2\/media?parent=1329"}],"wp:term":[{"taxonomy":"category","embeddable":true,"href":"https:\/\/afk-lembach.at\/oberkappel\/wp-json\/wp\/v2\/categories?post=1329"},{"taxonomy":"post_tag","embeddable":true,"href":"https:\/\/afk-lembach.at\/oberkappel\/wp-json\/wp\/v2\/tags?post=1329"}],"curies":[{"name":"wp","href":"https:\/\/api.w.org\/{rel}","templated":true}]}}