{"id":2313,"date":"2017-04-04T12:33:20","date_gmt":"2017-04-04T10:33:20","guid":{"rendered":"http:\/\/afk-lembach.at\/oberkappel\/?p=2313"},"modified":"2017-04-04T21:39:09","modified_gmt":"2017-04-04T19:39:09","slug":"brand-kraftfahrzeug","status":"publish","type":"post","link":"https:\/\/afk-lembach.at\/oberkappel\/2017\/04\/04\/brand-kraftfahrzeug\/","title":{"rendered":"Brand eines Kraftfahrzeuges (04.04.)"},"content":{"rendered":"<p style=\"text-align: justify\">Am Dienstag, 04.04.2017 um 12:23 Uhr, wurden wir von der Landeswarnzentrale via Sirene und Telefonalarmierung, zu einem KFZ-Brand ins benachbarte Deutschland, oberhalb der Kl\u00e4ranlage &#8222;Oberkappel&#8220; gerufen (eigentlich in Eidenberg &#8211; BRD, durch die schlechte Ortsangabe wurde nur die FF Oberkappel alarmiert). Mittels Schaumschnellangriff und HD-Rohr, konnte der Brand schnell unter Kontrolle gebracht und gel\u00f6scht werden. Alle beteiligten Personen blieben unverletzt. Als Unterst\u00fctzung bei den Aufr\u00e4umarbeiten (\u00d6lspur beseitigen, usw.) wurde um 12:46 Uhr die eigentlich zust\u00e4ndige FFW Eidenberg (Gemeinde Wegscheid &#8211; BRD) nach alarmiert.<\/p>\n<p style=\"text-align: justify\">Die FF Oberkappel war bis 13:56 Uhr mit insgesamt\u00a0bis zu 10 Mann und 3\u00a0Fahrzeugen (TLF-A, \u00a0KLF-A und KDOF als Transportfahrzeug) im Einsatz.<\/p>\nngg_shortcode_0_placeholder\n","protected":false},"excerpt":{"rendered":"<p>Am Dienstag, 04.04.2017 um 12:23 Uhr, wurden wir von der Landeswarnzentrale via Sirene und Telefonalarmierung, zu einem KFZ-Brand ins benachbarte Deutschland, oberhalb der Kl\u00e4ranlage &#8222;Oberkappel&#8220; gerufen (eigentlich in Eidenberg &#8211; BRD, durch die schlechte Ortsangabe wurde nur die FF Oberkappel alarmiert). Mittels Schaumschnellangriff und HD-Rohr, konnte der Brand schnell unter Kontrolle gebracht und gel\u00f6scht werden. [&hellip;]<\/p>\n","protected":false},"author":11,"featured_media":0,"comment_status":"closed","ping_status":"closed","sticky":false,"template":"","format":"standard","meta":{"ngg_post_thumbnail":0,"footnotes":""},"categories":[4],"tags":[],"class_list":["post-2313","post","type-post","status-publish","format-standard","hentry","category-einsatz"],"_links":{"self":[{"href":"https:\/\/afk-lembach.at\/oberkappel\/wp-json\/wp\/v2\/posts\/2313"}],"collection":[{"href":"https:\/\/afk-lembach.at\/oberkappel\/wp-json\/wp\/v2\/posts"}],"about":[{"href":"https:\/\/afk-lembach.at\/oberkappel\/wp-json\/wp\/v2\/types\/post"}],"author":[{"embeddable":true,"href":"https:\/\/afk-lembach.at\/oberkappel\/wp-json\/wp\/v2\/users\/11"}],"replies":[{"embeddable":true,"href":"https:\/\/afk-lembach.at\/oberkappel\/wp-json\/wp\/v2\/comments?post=2313"}],"version-history":[{"count":13,"href":"https:\/\/afk-lembach.at\/oberkappel\/wp-json\/wp\/v2\/posts\/2313\/revisions"}],"predecessor-version":[{"id":2342,"href":"https:\/\/afk-lembach.at\/oberkappel\/wp-json\/wp\/v2\/posts\/2313\/revisions\/2342"}],"wp:attachment":[{"href":"https:\/\/afk-lembach.at\/oberkappel\/wp-json\/wp\/v2\/media?parent=2313"}],"wp:term":[{"taxonomy":"category","embeddable":true,"href":"https:\/\/afk-lembach.at\/oberkappel\/wp-json\/wp\/v2\/categories?post=2313"},{"taxonomy":"post_tag","embeddable":true,"href":"https:\/\/afk-lembach.at\/oberkappel\/wp-json\/wp\/v2\/tags?post=2313"}],"curies":[{"name":"wp","href":"https:\/\/api.w.org\/{rel}","templated":true}]}}