{"id":3134,"date":"2018-07-25T13:15:07","date_gmt":"2018-07-25T11:15:07","guid":{"rendered":"http:\/\/afk-lembach.at\/oberkappel\/?p=3134"},"modified":"2018-07-25T13:15:07","modified_gmt":"2018-07-25T11:15:07","slug":"monatsuebung-juni-09-06","status":"publish","type":"post","link":"https:\/\/afk-lembach.at\/oberkappel\/2018\/07\/25\/monatsuebung-juni-09-06\/","title":{"rendered":"Monats\u00fcbung Juni (09.06.)"},"content":{"rendered":"<p style=\"text-align: justify\">L\u00f6schangriff unter Atemschutz. Angenommen wurde f\u00fcr diese Einsatz\u00fcbung ein Brand eines Traktors in Grubberg. Der L\u00f6schangriff wurde vom Tankl\u00f6schfahrzeug aus, unter Atemschutz und Mittelschaumrohr vorgenommen. Die Wasserversorgung wurde durch unser Kleinl\u00f6schfahrzeug mit einer Zubringerleitung aus dem angrenzenden kleinen Bach sichergestellt. Die \u00dcbungsverantwortlichen, Patrick Wie\u00dfmayer und Simon Hofmann, waren mit dem \u00dcbungsverlauf sehr zufrieden. Im Anschluss konnten die j\u00fcngeren Kameraden auch noch erste Erfahrungen mit dem Umluftunabh\u00e4ngigen schweren Atemschutz sammeln.<\/p>\nngg_shortcode_0_placeholder\n","protected":false},"excerpt":{"rendered":"<p>L\u00f6schangriff unter Atemschutz. Angenommen wurde f\u00fcr diese Einsatz\u00fcbung ein Brand eines Traktors in Grubberg. Der L\u00f6schangriff wurde vom Tankl\u00f6schfahrzeug aus, unter Atemschutz und Mittelschaumrohr vorgenommen. Die Wasserversorgung wurde durch unser Kleinl\u00f6schfahrzeug mit einer Zubringerleitung aus dem angrenzenden kleinen Bach sichergestellt. Die \u00dcbungsverantwortlichen, Patrick Wie\u00dfmayer und Simon Hofmann, waren mit dem \u00dcbungsverlauf sehr zufrieden. Im Anschluss [&hellip;]<\/p>\n","protected":false},"author":11,"featured_media":0,"comment_status":"closed","ping_status":"closed","sticky":false,"template":"","format":"standard","meta":{"ngg_post_thumbnail":0,"footnotes":""},"categories":[5],"tags":[],"class_list":["post-3134","post","type-post","status-publish","format-standard","hentry","category-ubung"],"_links":{"self":[{"href":"https:\/\/afk-lembach.at\/oberkappel\/wp-json\/wp\/v2\/posts\/3134"}],"collection":[{"href":"https:\/\/afk-lembach.at\/oberkappel\/wp-json\/wp\/v2\/posts"}],"about":[{"href":"https:\/\/afk-lembach.at\/oberkappel\/wp-json\/wp\/v2\/types\/post"}],"author":[{"embeddable":true,"href":"https:\/\/afk-lembach.at\/oberkappel\/wp-json\/wp\/v2\/users\/11"}],"replies":[{"embeddable":true,"href":"https:\/\/afk-lembach.at\/oberkappel\/wp-json\/wp\/v2\/comments?post=3134"}],"version-history":[{"count":1,"href":"https:\/\/afk-lembach.at\/oberkappel\/wp-json\/wp\/v2\/posts\/3134\/revisions"}],"predecessor-version":[{"id":3135,"href":"https:\/\/afk-lembach.at\/oberkappel\/wp-json\/wp\/v2\/posts\/3134\/revisions\/3135"}],"wp:attachment":[{"href":"https:\/\/afk-lembach.at\/oberkappel\/wp-json\/wp\/v2\/media?parent=3134"}],"wp:term":[{"taxonomy":"category","embeddable":true,"href":"https:\/\/afk-lembach.at\/oberkappel\/wp-json\/wp\/v2\/categories?post=3134"},{"taxonomy":"post_tag","embeddable":true,"href":"https:\/\/afk-lembach.at\/oberkappel\/wp-json\/wp\/v2\/tags?post=3134"}],"curies":[{"name":"wp","href":"https:\/\/api.w.org\/{rel}","templated":true}]}}