{"id":3257,"date":"2018-07-26T12:00:04","date_gmt":"2018-07-26T10:00:04","guid":{"rendered":"http:\/\/afk-lembach.at\/oberkappel\/?p=3257"},"modified":"2018-07-25T13:39:49","modified_gmt":"2018-07-25T11:39:49","slug":"monatsuebung-juli-14-07-2","status":"publish","type":"post","link":"https:\/\/afk-lembach.at\/oberkappel\/2018\/07\/26\/monatsuebung-juli-14-07-2\/","title":{"rendered":"Monats\u00fcbung Juli (14.07.)"},"content":{"rendered":"<p style=\"text-align: justify\">Brandeinsatz &#8211; Als Objekt f\u00fcr unsere Einsatz\u00fcbung stand uns der Anbau des Geb\u00e4udes Marktplatz 18 zur Verf\u00fcgung. Der Stadl wurde mit einer Nebelmaschine verqualmt. Einsatzleiter Michael Gierlinger wurde mit folgender \u00dcbungsannahme konfrontiert: Brand im Stadl &#8211; zwei Personen werden vermisst. Priorit\u00e4t hatte die Personenrettung unter schwerem Atemschutz. Zum Schutz der Nachbarobjekte bzw. Brandbek\u00e4mpfung wurde vom Tankl\u00f6schfahrzeug ein Au\u00dfenangriff vorgenommen. Parallel fand durch unser Kleinl\u00f6schfahrzeug ein Au\u00dfenangriff an der R\u00fcckseite des Brandobjektes statt. Die Wasserversorgung wurde durch die Hydranten beim Gemeindevorplatz bzw. am Marktplatz sichergestellt. Beim Atemschutzeinsatz wurden wir durch einen Trupp der FF Mollmannsreith unterst\u00fctzt. Bei der anschlie\u00dfenden Nachbesprechung wurde noch auf die Gegebenheiten am Marktplatz und m\u00f6gliche Herausforderungen durch die bekannte Parksituation hingewiesen.<\/p>\n<p style=\"text-align: justify\">Die \u00dcbungsverantwortlichen, Nobert Luger und Hannes Riepl, waren mit dem \u00dcbungsverlauf sehr zufrieden. Besten Dank an die FF Mollmannsreith f\u00fcr die Teilnahme \u2013 gemeinsame \u00dcbungen sind f\u00fcr den Ablauf sehr wichtig. Besten Dank nat\u00fcrlich auch an Mehringer Gerhard und Barbara f\u00fcr die Bereitstellung des \u00dcbungsobjektes und die k\u00fchle Verpflegung.<\/p>\n<p><strong>ngg_shortcode_0_placeholder<\/strong><\/p>\n","protected":false},"excerpt":{"rendered":"<p>Brandeinsatz &#8211; Als Objekt f\u00fcr unsere Einsatz\u00fcbung stand uns der Anbau des Geb\u00e4udes Marktplatz 18 zur Verf\u00fcgung. Der Stadl wurde mit einer Nebelmaschine verqualmt. Einsatzleiter Michael Gierlinger wurde mit folgender \u00dcbungsannahme konfrontiert: Brand im Stadl &#8211; zwei Personen werden vermisst. Priorit\u00e4t hatte die Personenrettung unter schwerem Atemschutz. Zum Schutz der Nachbarobjekte bzw. Brandbek\u00e4mpfung wurde vom [&hellip;]<\/p>\n","protected":false},"author":11,"featured_media":0,"comment_status":"closed","ping_status":"closed","sticky":false,"template":"","format":"standard","meta":{"ngg_post_thumbnail":0,"footnotes":""},"categories":[5],"tags":[],"class_list":["post-3257","post","type-post","status-publish","format-standard","hentry","category-ubung"],"_links":{"self":[{"href":"https:\/\/afk-lembach.at\/oberkappel\/wp-json\/wp\/v2\/posts\/3257"}],"collection":[{"href":"https:\/\/afk-lembach.at\/oberkappel\/wp-json\/wp\/v2\/posts"}],"about":[{"href":"https:\/\/afk-lembach.at\/oberkappel\/wp-json\/wp\/v2\/types\/post"}],"author":[{"embeddable":true,"href":"https:\/\/afk-lembach.at\/oberkappel\/wp-json\/wp\/v2\/users\/11"}],"replies":[{"embeddable":true,"href":"https:\/\/afk-lembach.at\/oberkappel\/wp-json\/wp\/v2\/comments?post=3257"}],"version-history":[{"count":1,"href":"https:\/\/afk-lembach.at\/oberkappel\/wp-json\/wp\/v2\/posts\/3257\/revisions"}],"predecessor-version":[{"id":3258,"href":"https:\/\/afk-lembach.at\/oberkappel\/wp-json\/wp\/v2\/posts\/3257\/revisions\/3258"}],"wp:attachment":[{"href":"https:\/\/afk-lembach.at\/oberkappel\/wp-json\/wp\/v2\/media?parent=3257"}],"wp:term":[{"taxonomy":"category","embeddable":true,"href":"https:\/\/afk-lembach.at\/oberkappel\/wp-json\/wp\/v2\/categories?post=3257"},{"taxonomy":"post_tag","embeddable":true,"href":"https:\/\/afk-lembach.at\/oberkappel\/wp-json\/wp\/v2\/tags?post=3257"}],"curies":[{"name":"wp","href":"https:\/\/api.w.org\/{rel}","templated":true}]}}