{"id":3526,"date":"2019-01-13T12:20:45","date_gmt":"2019-01-13T11:20:45","guid":{"rendered":"http:\/\/afk-lembach.at\/oberkappel\/?p=3526"},"modified":"2019-01-09T10:28:00","modified_gmt":"2019-01-09T09:28:00","slug":"rueckblick-feuerwehrball-2019","status":"publish","type":"post","link":"https:\/\/afk-lembach.at\/oberkappel\/2019\/01\/13\/rueckblick-feuerwehrball-2019\/","title":{"rendered":"R\u00fcckblick Feuerwehrball 2019"},"content":{"rendered":"<p style=\"text-align: justify\">Der Feuerwehrball, am 05. J\u00e4nner 2019 war trotz der tief winterlichen Verh\u00e4ltnisse, gut besucht. Im Saal fanden sich fast keine freien Pl\u00e4tze mehr, auch nicht auf der Tanzfl\u00e4che! Die \u201eEcht Urigen\u201c sorgten f\u00fcr gute Stimmung und Unterhaltung bis in die fr\u00fchen Morgenstunden und lie\u00dfen sich auch durch einen l\u00e4ngeren Stromausfall nicht aufhalten! Sehr gut angekommen ist auch dieses Jahr wieder das durchgef\u00fchrte Sch\u00e4tzspiel. Wir wollten wissen:<\/p>\n<p style=\"text-align: justify\">Wie viele K\u00fcbelspritzen k\u00f6nnen rein rechnerisch auf der Saalgrundfl\u00e4che im GH S\u00fc\u00df gestellt werden?<\/p>\n<p style=\"text-align: justify\">Der L\u00f6sung am n\u00e4chsten kam unser Kamerad Daniel Altendorfer. Seine Sch\u00e4tzung lag punktgenau bei den gesuchten 1.881 St\u00fcck.<\/p>\n<p style=\"text-align: justify\">Besten Dank allen Besuchern (aus Oberkappel + Umgebung und den Nachbarfeuerwehren), wir freuen uns auf ein Wiedersehen beim n\u00e4chsten Ball. Besten Dank auch an alle Sponsoren f\u00fcr die Sch\u00e4tzspiel-Preise und allen Kameraden, die zum Gelingen des Balls beigetragen haben. Es freut uns auch, dass viele Kameraden Ihren Ball in Uniform besuchen. .<\/p>\n<p>F\u00fcr die Unterst\u00fctzung\u00a0beim Sch\u00e4tzspiel bedanken wir uns bei folgenden treuen Sponsoren der FF Oberkappel:<\/p>\n<p>Fleischhauerei Riepl, Sarleinsbach<\/p>\n<p>Holz Bogner, Oberkappel<\/p>\n<p>KFZ Baumgartner, Oberkappel<\/p>\n<p>Gasthaus S\u00fc\u00df, Oberkappel<\/p>\n<p>Sparmarkt Lau\u00df, Oberkappel<\/p>\n<p>Raiffeisenbank, Oberkappel<\/p>\n<p>Hintringer Erich, Oberkappel<\/p>\n<p>Elektro Franz Arnezeder, Oberkappel<\/p>\n<p>Pfarrer Maximilian P\u00fchringer, Oberkappel<\/p>\n<p>Hammerwirt, Kappel<\/p>\n<p>Truckcenter, Altenfelden<\/p>\n<p>Lagerhaus, Rohrbach<\/p>\n<p>OMV Tankstelle, Neustift<\/p>\n<p>Friseurteam Sandra, Neustift<\/p>\n<p>Mazda Stallinger, Niederranna<\/p>\n<p>B\u00e4ckerei W\u00f6\u00df, Neustift<\/p>\n<p style=\"text-align: justify\">Nicht vergessen darf man auch die Frauen unserer Kameraden, die tatkr\u00e4ftig mit Ihren Kuchen- und Tortenspenden unser Sch\u00e4tzspiel jedes Jahr bereichern<\/p>\n","protected":false},"excerpt":{"rendered":"<p>Der Feuerwehrball, am 05. J\u00e4nner 2019 war trotz der tief winterlichen Verh\u00e4ltnisse, gut besucht. Im Saal fanden sich fast keine freien Pl\u00e4tze mehr, auch nicht auf der Tanzfl\u00e4che! Die \u201eEcht Urigen\u201c sorgten f\u00fcr gute Stimmung und Unterhaltung bis in die fr\u00fchen Morgenstunden und lie\u00dfen sich auch durch einen l\u00e4ngeren Stromausfall nicht aufhalten! Sehr gut angekommen [&hellip;]<\/p>\n","protected":false},"author":11,"featured_media":0,"comment_status":"closed","ping_status":"closed","sticky":false,"template":"","format":"standard","meta":{"ngg_post_thumbnail":0,"footnotes":""},"categories":[1],"tags":[],"class_list":["post-3526","post","type-post","status-publish","format-standard","hentry","category-allgemein"],"_links":{"self":[{"href":"https:\/\/afk-lembach.at\/oberkappel\/wp-json\/wp\/v2\/posts\/3526"}],"collection":[{"href":"https:\/\/afk-lembach.at\/oberkappel\/wp-json\/wp\/v2\/posts"}],"about":[{"href":"https:\/\/afk-lembach.at\/oberkappel\/wp-json\/wp\/v2\/types\/post"}],"author":[{"embeddable":true,"href":"https:\/\/afk-lembach.at\/oberkappel\/wp-json\/wp\/v2\/users\/11"}],"replies":[{"embeddable":true,"href":"https:\/\/afk-lembach.at\/oberkappel\/wp-json\/wp\/v2\/comments?post=3526"}],"version-history":[{"count":1,"href":"https:\/\/afk-lembach.at\/oberkappel\/wp-json\/wp\/v2\/posts\/3526\/revisions"}],"predecessor-version":[{"id":3527,"href":"https:\/\/afk-lembach.at\/oberkappel\/wp-json\/wp\/v2\/posts\/3526\/revisions\/3527"}],"wp:attachment":[{"href":"https:\/\/afk-lembach.at\/oberkappel\/wp-json\/wp\/v2\/media?parent=3526"}],"wp:term":[{"taxonomy":"category","embeddable":true,"href":"https:\/\/afk-lembach.at\/oberkappel\/wp-json\/wp\/v2\/categories?post=3526"},{"taxonomy":"post_tag","embeddable":true,"href":"https:\/\/afk-lembach.at\/oberkappel\/wp-json\/wp\/v2\/tags?post=3526"}],"curies":[{"name":"wp","href":"https:\/\/api.w.org\/{rel}","templated":true}]}}