{"id":3597,"date":"2019-04-01T16:17:51","date_gmt":"2019-04-01T14:17:51","guid":{"rendered":"http:\/\/afk-lembach.at\/oberkappel\/?p=3597"},"modified":"2019-04-01T16:20:59","modified_gmt":"2019-04-01T14:20:59","slug":"fruehjahrsuebung-in-wegscheid-30-03-2","status":"publish","type":"post","link":"https:\/\/afk-lembach.at\/oberkappel\/2019\/04\/01\/fruehjahrsuebung-in-wegscheid-30-03-2\/","title":{"rendered":"Fr\u00fchjahrs\u00fcbung in Wegscheid (30.03.)"},"content":{"rendered":"<p style=\"text-align: justify\">\u201cBrand abgelegenes Landwirtschaftliches Objekt in Wegscheid\u201c lautete die \u00dcbungsannahme. Unsere Aufgabe war die Unterst\u00fctzung in der L\u00f6schwasserversorgung im Pendelverkehr mit unserem Tankl\u00f6schfahrzeug. Die Zusammenarbeit mit den Nachbarfeuerwehren klappte einwandfrei und somit wurde das \u00dcbungsziel erreicht. Besten Dank an die Veranstalterfeuerwehr f\u00fcr die Organisation und Einladung<\/p>\n<p style=\"text-align: justify\">Fotos (c) FF Kollerschlag<\/p>\n<p style=\"text-align: justify\"><strong>ngg_shortcode_0_placeholder\u00a0<\/strong><\/p>\n<p><a href=\"http:\/\/www.ff-kollerschlag.at\/uebung-in-wegscheid\/\" target=\"_blank\" rel=\"noopener noreferrer\">Bericht Homepage FF Kollerschlag (mit mehr Bildern)<\/a><\/p>\n","protected":false},"excerpt":{"rendered":"<p>\u201cBrand abgelegenes Landwirtschaftliches Objekt in Wegscheid\u201c lautete die \u00dcbungsannahme. Unsere Aufgabe war die Unterst\u00fctzung in der L\u00f6schwasserversorgung im Pendelverkehr mit unserem Tankl\u00f6schfahrzeug. Die Zusammenarbeit mit den Nachbarfeuerwehren klappte einwandfrei und somit wurde das \u00dcbungsziel erreicht. Besten Dank an die Veranstalterfeuerwehr f\u00fcr die Organisation und Einladung Fotos (c) FF Kollerschlag \u00a0 Bericht Homepage FF Kollerschlag (mit [&hellip;]<\/p>\n","protected":false},"author":11,"featured_media":0,"comment_status":"closed","ping_status":"closed","sticky":false,"template":"","format":"standard","meta":{"ngg_post_thumbnail":0,"footnotes":""},"categories":[5],"tags":[],"class_list":["post-3597","post","type-post","status-publish","format-standard","hentry","category-ubung"],"_links":{"self":[{"href":"https:\/\/afk-lembach.at\/oberkappel\/wp-json\/wp\/v2\/posts\/3597"}],"collection":[{"href":"https:\/\/afk-lembach.at\/oberkappel\/wp-json\/wp\/v2\/posts"}],"about":[{"href":"https:\/\/afk-lembach.at\/oberkappel\/wp-json\/wp\/v2\/types\/post"}],"author":[{"embeddable":true,"href":"https:\/\/afk-lembach.at\/oberkappel\/wp-json\/wp\/v2\/users\/11"}],"replies":[{"embeddable":true,"href":"https:\/\/afk-lembach.at\/oberkappel\/wp-json\/wp\/v2\/comments?post=3597"}],"version-history":[{"count":2,"href":"https:\/\/afk-lembach.at\/oberkappel\/wp-json\/wp\/v2\/posts\/3597\/revisions"}],"predecessor-version":[{"id":3599,"href":"https:\/\/afk-lembach.at\/oberkappel\/wp-json\/wp\/v2\/posts\/3597\/revisions\/3599"}],"wp:attachment":[{"href":"https:\/\/afk-lembach.at\/oberkappel\/wp-json\/wp\/v2\/media?parent=3597"}],"wp:term":[{"taxonomy":"category","embeddable":true,"href":"https:\/\/afk-lembach.at\/oberkappel\/wp-json\/wp\/v2\/categories?post=3597"},{"taxonomy":"post_tag","embeddable":true,"href":"https:\/\/afk-lembach.at\/oberkappel\/wp-json\/wp\/v2\/tags?post=3597"}],"curies":[{"name":"wp","href":"https:\/\/api.w.org\/{rel}","templated":true}]}}