{"id":3676,"date":"2019-07-15T09:09:53","date_gmt":"2019-07-15T07:09:53","guid":{"rendered":"http:\/\/afk-lembach.at\/oberkappel\/?p=3676"},"modified":"2019-07-22T13:40:53","modified_gmt":"2019-07-22T11:40:53","slug":"in-gedenken-an-hlm-engelbert-past","status":"publish","type":"post","link":"https:\/\/afk-lembach.at\/oberkappel\/2019\/07\/15\/in-gedenken-an-hlm-engelbert-past\/","title":{"rendered":"In Gedenken an HLM Engelbert Past"},"content":{"rendered":"<p style=\"text-align: justify\">Die FF Oberkappel trauert um ihren Kameraden HLM Engelbert Past, 4144 Seestra\u00dfe 9, im 83. Lebensjahr am 14.07.2019 verstorben. \u00dcber 47 Jahre Mitglied bzw. Unterst\u00fctzer der FF Oberkappel und bis ins hohe Alter bei vielen Ausr\u00fcckungen und Veranstaltungen dabei.<\/p>\n<p style=\"text-align: justify\">Am 01.01.1972 ist Engelbert der Feuerwehr Oberkappel beigetreten und wurde 1997 mit der Dienstmedaille f\u00fcr 25 j\u00e4hrige Mitgliedschaft bzw. 2012 mit der Dienstmedaille f\u00fcr 40 j\u00e4hrige Mitgliedschaft ausgezeichnet.<\/p>\n<p style=\"text-align: justify\">Die Kameraden der Freiwilligen Feuerwehr\u00a0Oberkappel\u00a0werden HLM Engelbert Past stets ein ehrendes Andenken erhalten.<\/p>\n<p><a href=\"https:\/\/afk-lembach.at\/oberkappel\/files\/2019\/07\/Herr_Engelbert_Past-SterbebildPast_Engelbert0001.jpg\"><img loading=\"lazy\" decoding=\"async\" class=\"aligncenter size-medium wp-image-3681\" src=\"https:\/\/afk-lembach.at\/oberkappel\/files\/2019\/07\/Herr_Engelbert_Past-SterbebildPast_Engelbert0001-300x226.jpg\" alt=\"\" width=\"300\" height=\"226\" srcset=\"https:\/\/afk-lembach.at\/oberkappel\/files\/2019\/07\/Herr_Engelbert_Past-SterbebildPast_Engelbert0001-300x226.jpg 300w, https:\/\/afk-lembach.at\/oberkappel\/files\/2019\/07\/Herr_Engelbert_Past-SterbebildPast_Engelbert0001.jpg 560w\" sizes=\"(max-width: 300px) 100vw, 300px\" \/><\/a><\/p>\n<p style=\"text-align: justify\">\n","protected":false},"excerpt":{"rendered":"<p>Die FF Oberkappel trauert um ihren Kameraden HLM Engelbert Past, 4144 Seestra\u00dfe 9, im 83. Lebensjahr am 14.07.2019 verstorben. \u00dcber 47 Jahre Mitglied bzw. Unterst\u00fctzer der FF Oberkappel und bis ins hohe Alter bei vielen Ausr\u00fcckungen und Veranstaltungen dabei. Am 01.01.1972 ist Engelbert der Feuerwehr Oberkappel beigetreten und wurde 1997 mit der Dienstmedaille f\u00fcr 25 [&hellip;]<\/p>\n","protected":false},"author":11,"featured_media":0,"comment_status":"closed","ping_status":"closed","sticky":false,"template":"","format":"standard","meta":{"ngg_post_thumbnail":0,"footnotes":""},"categories":[1],"tags":[],"class_list":["post-3676","post","type-post","status-publish","format-standard","hentry","category-allgemein"],"_links":{"self":[{"href":"https:\/\/afk-lembach.at\/oberkappel\/wp-json\/wp\/v2\/posts\/3676"}],"collection":[{"href":"https:\/\/afk-lembach.at\/oberkappel\/wp-json\/wp\/v2\/posts"}],"about":[{"href":"https:\/\/afk-lembach.at\/oberkappel\/wp-json\/wp\/v2\/types\/post"}],"author":[{"embeddable":true,"href":"https:\/\/afk-lembach.at\/oberkappel\/wp-json\/wp\/v2\/users\/11"}],"replies":[{"embeddable":true,"href":"https:\/\/afk-lembach.at\/oberkappel\/wp-json\/wp\/v2\/comments?post=3676"}],"version-history":[{"count":5,"href":"https:\/\/afk-lembach.at\/oberkappel\/wp-json\/wp\/v2\/posts\/3676\/revisions"}],"predecessor-version":[{"id":3682,"href":"https:\/\/afk-lembach.at\/oberkappel\/wp-json\/wp\/v2\/posts\/3676\/revisions\/3682"}],"wp:attachment":[{"href":"https:\/\/afk-lembach.at\/oberkappel\/wp-json\/wp\/v2\/media?parent=3676"}],"wp:term":[{"taxonomy":"category","embeddable":true,"href":"https:\/\/afk-lembach.at\/oberkappel\/wp-json\/wp\/v2\/categories?post=3676"},{"taxonomy":"post_tag","embeddable":true,"href":"https:\/\/afk-lembach.at\/oberkappel\/wp-json\/wp\/v2\/tags?post=3676"}],"curies":[{"name":"wp","href":"https:\/\/api.w.org\/{rel}","templated":true}]}}