{"id":3732,"date":"2019-10-02T20:00:13","date_gmt":"2019-10-02T18:00:13","guid":{"rendered":"http:\/\/afk-lembach.at\/oberkappel\/?p=3732"},"modified":"2019-10-01T21:37:51","modified_gmt":"2019-10-01T19:37:51","slug":"rueckblick-bewerbssaison-2019-feuerwehrjugend","status":"publish","type":"post","link":"https:\/\/afk-lembach.at\/oberkappel\/2019\/10\/02\/rueckblick-bewerbssaison-2019-feuerwehrjugend\/","title":{"rendered":"R\u00fcckblick Bewerbssaison 2019 Feuerwehrjugend"},"content":{"rendered":"\n<p style=\"text-align: justify\">Mit derselben Platzierung wie in den letzten beiden Jahren, mit einem guten 14. Rang (von 20 Gruppen) bei der Bezirkswertung in der 1. Klasse, konnte somit wieder der Klassenerhalt geschafft werden. Basis f\u00fcr den Klassenerhalt waren konstante (leider nicht fehlerfreie) Zeiten \u00fcber alle f\u00fcnf Bewerbe im Bezirk Rohrbach. Als beste Platzierungen stehen ein 3. Rang in Silber bzw. ein 6. Rang in Bronze bei den Abschnittsbewerben in Klaffer und Pfarrkirchen zu Buche.<\/p>\n<p style=\"text-align: justify\">Auch heuer gab es schon beim Bezirksbewerb die Feuerwehrjugendleistungsabzeichen zu erreichen. Aufgrund der guten Leistung in Lembach, konnten Samuel Hablesreiter, Johanna Stadler und Andreas Sterl das Abzeichen in Bronze bzw. Oliver Falkner, Simon Falkner, Jan Stadler und Lukas S\u00fc\u00df in Silber mit nach Hause nehmen.<\/p>\n<p style=\"text-align: justify\">Beim Landesbewerb in Frankenburg konnte die gute Form teilweise umgesetzt werden. In Bronze wurde mit Rang 117 (bei 302 Gruppen) und in Silber ebenfalls mit Rang 117 (bei 277 Gruppen) sehr gute Platzierung im vorderen Mittelfeld belegt.<\/p>\n<p style=\"text-align: justify\">Gratulation und besten Dank an die Jugendgruppe zur erbrachten Leistung bzw. \u00dcbungsmoral und an Jugendbetreuer Robert Amerstorfer und Jugendhelfer Niklas Schuster f\u00fcr ihre Arbeit. Wir freuen uns auf die Bewerbssaison 2020!<\/p>\n<p style=\"text-align: justify\">Mitte Juli erfolgte als Abschluss der Bewerbssaison, gemeinsam mit den Bewerbsgruppen, ein gem\u00fctliches Beisammensein mit Knacker grillen am Lagerfeuer beim Feuerwehrhaus.<\/p>\n<p><a href=\"http:\/\/www.ooelfv.at\/bewerbe-leistungspruefungen\/aktuelles\/bewerbsuebersicht#\/liste\/ro\/FLA\/2019\" target=\"_blank\" rel=\"noopener noreferrer\">Detail Ergebnisse: Bezirksebene (JUGEND + AKTIV):<\/a><\/p>\n<p><a href=\"https:\/\/www.ooelfv.at\/bewerbe-leistungspruefungen\/aktuelles\/bewerbsuebersicht#\/liste\/lfv\/Jugend\/2019\" target=\"_blank\" rel=\"noopener noreferrer\">Detail Ergebnisse Landesbewerb (JUGEND):<\/a><\/p>\n<p><strong>ngg_shortcode_0_placeholder<\/strong><\/p>\n","protected":false},"excerpt":{"rendered":"<p>Mit derselben Platzierung wie in den letzten beiden Jahren, mit einem guten 14. Rang (von 20 Gruppen) bei der Bezirkswertung in der 1. Klasse, konnte somit wieder der Klassenerhalt geschafft werden. Basis f\u00fcr den Klassenerhalt waren konstante (leider nicht fehlerfreie) Zeiten \u00fcber alle f\u00fcnf Bewerbe im Bezirk Rohrbach. Als beste Platzierungen stehen ein 3. Rang [&hellip;]<\/p>\n","protected":false},"author":11,"featured_media":0,"comment_status":"closed","ping_status":"closed","sticky":false,"template":"","format":"standard","meta":{"ngg_post_thumbnail":0,"footnotes":""},"categories":[9],"tags":[],"class_list":["post-3732","post","type-post","status-publish","format-standard","hentry","category-jugend"],"_links":{"self":[{"href":"https:\/\/afk-lembach.at\/oberkappel\/wp-json\/wp\/v2\/posts\/3732"}],"collection":[{"href":"https:\/\/afk-lembach.at\/oberkappel\/wp-json\/wp\/v2\/posts"}],"about":[{"href":"https:\/\/afk-lembach.at\/oberkappel\/wp-json\/wp\/v2\/types\/post"}],"author":[{"embeddable":true,"href":"https:\/\/afk-lembach.at\/oberkappel\/wp-json\/wp\/v2\/users\/11"}],"replies":[{"embeddable":true,"href":"https:\/\/afk-lembach.at\/oberkappel\/wp-json\/wp\/v2\/comments?post=3732"}],"version-history":[{"count":1,"href":"https:\/\/afk-lembach.at\/oberkappel\/wp-json\/wp\/v2\/posts\/3732\/revisions"}],"predecessor-version":[{"id":3733,"href":"https:\/\/afk-lembach.at\/oberkappel\/wp-json\/wp\/v2\/posts\/3732\/revisions\/3733"}],"wp:attachment":[{"href":"https:\/\/afk-lembach.at\/oberkappel\/wp-json\/wp\/v2\/media?parent=3732"}],"wp:term":[{"taxonomy":"category","embeddable":true,"href":"https:\/\/afk-lembach.at\/oberkappel\/wp-json\/wp\/v2\/categories?post=3732"},{"taxonomy":"post_tag","embeddable":true,"href":"https:\/\/afk-lembach.at\/oberkappel\/wp-json\/wp\/v2\/tags?post=3732"}],"curies":[{"name":"wp","href":"https:\/\/api.w.org\/{rel}","templated":true}]}}