{"id":3823,"date":"2019-12-14T08:00:09","date_gmt":"2019-12-14T07:00:09","guid":{"rendered":"http:\/\/afk-lembach.at\/oberkappel\/?p=3823"},"modified":"2019-12-13T11:59:00","modified_gmt":"2019-12-13T10:59:00","slug":"abschnittsatemschutzuebung-25-10-2","status":"publish","type":"post","link":"https:\/\/afk-lembach.at\/oberkappel\/2019\/12\/14\/abschnittsatemschutzuebung-25-10-2\/","title":{"rendered":"Abschnittsatemschutz\u00fcbung (25.10.)"},"content":{"rendered":"\n<p style=\"text-align: justify\">Die Herbst\u00fcbung am 25. Oktober f\u00fcr die Atemschutztrupps, aller 14 Feuerwehren des Abschnitts, durften wir heuer ausrichten. Ein Stationsbetrieb zum Thema Menschenrettung, Brandbek\u00e4mpfung und Gef\u00e4hrliche Stoffe wurde daf\u00fcr, auf dem Anwesen von G\u00fcnter Schuster in Oberaschenberg, aufgebaut. Besten Dank an Atemschutzwart Patrick Wiesmayr f\u00fcr die Organisation, allen Helfern und an G\u00fcnter Schuster f\u00fcr die Bereitstellung des \u00dcbungsobjektes.<\/p>\n","protected":false},"excerpt":{"rendered":"<p>Die Herbst\u00fcbung am 25. Oktober f\u00fcr die Atemschutztrupps, aller 14 Feuerwehren des Abschnitts, durften wir heuer ausrichten. Ein Stationsbetrieb zum Thema Menschenrettung, Brandbek\u00e4mpfung und Gef\u00e4hrliche Stoffe wurde daf\u00fcr, auf dem Anwesen von G\u00fcnter Schuster in Oberaschenberg, aufgebaut. Besten Dank an Atemschutzwart Patrick Wiesmayr f\u00fcr die Organisation, allen Helfern und an G\u00fcnter Schuster f\u00fcr die Bereitstellung [&hellip;]<\/p>\n","protected":false},"author":11,"featured_media":0,"comment_status":"closed","ping_status":"closed","sticky":false,"template":"","format":"standard","meta":{"ngg_post_thumbnail":0,"footnotes":""},"categories":[5],"tags":[],"class_list":["post-3823","post","type-post","status-publish","format-standard","hentry","category-ubung"],"_links":{"self":[{"href":"https:\/\/afk-lembach.at\/oberkappel\/wp-json\/wp\/v2\/posts\/3823"}],"collection":[{"href":"https:\/\/afk-lembach.at\/oberkappel\/wp-json\/wp\/v2\/posts"}],"about":[{"href":"https:\/\/afk-lembach.at\/oberkappel\/wp-json\/wp\/v2\/types\/post"}],"author":[{"embeddable":true,"href":"https:\/\/afk-lembach.at\/oberkappel\/wp-json\/wp\/v2\/users\/11"}],"replies":[{"embeddable":true,"href":"https:\/\/afk-lembach.at\/oberkappel\/wp-json\/wp\/v2\/comments?post=3823"}],"version-history":[{"count":1,"href":"https:\/\/afk-lembach.at\/oberkappel\/wp-json\/wp\/v2\/posts\/3823\/revisions"}],"predecessor-version":[{"id":3824,"href":"https:\/\/afk-lembach.at\/oberkappel\/wp-json\/wp\/v2\/posts\/3823\/revisions\/3824"}],"wp:attachment":[{"href":"https:\/\/afk-lembach.at\/oberkappel\/wp-json\/wp\/v2\/media?parent=3823"}],"wp:term":[{"taxonomy":"category","embeddable":true,"href":"https:\/\/afk-lembach.at\/oberkappel\/wp-json\/wp\/v2\/categories?post=3823"},{"taxonomy":"post_tag","embeddable":true,"href":"https:\/\/afk-lembach.at\/oberkappel\/wp-json\/wp\/v2\/tags?post=3823"}],"curies":[{"name":"wp","href":"https:\/\/api.w.org\/{rel}","templated":true}]}}