{"id":3825,"date":"2019-12-14T12:00:48","date_gmt":"2019-12-14T11:00:48","guid":{"rendered":"http:\/\/afk-lembach.at\/oberkappel\/?p=3825"},"modified":"2019-12-13T12:05:36","modified_gmt":"2019-12-13T11:05:36","slug":"herbstuebung-in-neustift-26-10-3","status":"publish","type":"post","link":"https:\/\/afk-lembach.at\/oberkappel\/2019\/12\/14\/herbstuebung-in-neustift-26-10-3\/","title":{"rendered":"Herbst\u00fcbung in Neustift (26.10.)"},"content":{"rendered":"\n<p style=\"text-align: justify\">\u201cBrand Einfamilienhaus in der Kreuzstra\u00dfe\u201c lautete die \u00dcbungsannahme. Die Aufgabe f\u00fcr unser Tankl\u00f6schfahrzeug war Sch\u00fctzen von Nachbargeb\u00e4uden und die Unterst\u00fctzung bei der Suche nach vermissten Personen unter schwerem Atemschutz. Die Zusammenarbeit mit den Nachbarfeuerwehren klappte einwandfrei und somit wurde das \u00dcbungsziel erreicht. Besten Dank an die FF Neustift f\u00fcr die Organisation und Einladung.<\/p>\n<p><strong>ngg_shortcode_0_placeholder\u00a0<\/strong><\/p>\n","protected":false},"excerpt":{"rendered":"<p>\u201cBrand Einfamilienhaus in der Kreuzstra\u00dfe\u201c lautete die \u00dcbungsannahme. Die Aufgabe f\u00fcr unser Tankl\u00f6schfahrzeug war Sch\u00fctzen von Nachbargeb\u00e4uden und die Unterst\u00fctzung bei der Suche nach vermissten Personen unter schwerem Atemschutz. Die Zusammenarbeit mit den Nachbarfeuerwehren klappte einwandfrei und somit wurde das \u00dcbungsziel erreicht. Besten Dank an die FF Neustift f\u00fcr die Organisation und Einladung. \u00a0<\/p>\n","protected":false},"author":11,"featured_media":0,"comment_status":"closed","ping_status":"closed","sticky":false,"template":"","format":"standard","meta":{"ngg_post_thumbnail":0,"footnotes":""},"categories":[5],"tags":[],"class_list":["post-3825","post","type-post","status-publish","format-standard","hentry","category-ubung"],"_links":{"self":[{"href":"https:\/\/afk-lembach.at\/oberkappel\/wp-json\/wp\/v2\/posts\/3825"}],"collection":[{"href":"https:\/\/afk-lembach.at\/oberkappel\/wp-json\/wp\/v2\/posts"}],"about":[{"href":"https:\/\/afk-lembach.at\/oberkappel\/wp-json\/wp\/v2\/types\/post"}],"author":[{"embeddable":true,"href":"https:\/\/afk-lembach.at\/oberkappel\/wp-json\/wp\/v2\/users\/11"}],"replies":[{"embeddable":true,"href":"https:\/\/afk-lembach.at\/oberkappel\/wp-json\/wp\/v2\/comments?post=3825"}],"version-history":[{"count":1,"href":"https:\/\/afk-lembach.at\/oberkappel\/wp-json\/wp\/v2\/posts\/3825\/revisions"}],"predecessor-version":[{"id":3826,"href":"https:\/\/afk-lembach.at\/oberkappel\/wp-json\/wp\/v2\/posts\/3825\/revisions\/3826"}],"wp:attachment":[{"href":"https:\/\/afk-lembach.at\/oberkappel\/wp-json\/wp\/v2\/media?parent=3825"}],"wp:term":[{"taxonomy":"category","embeddable":true,"href":"https:\/\/afk-lembach.at\/oberkappel\/wp-json\/wp\/v2\/categories?post=3825"},{"taxonomy":"post_tag","embeddable":true,"href":"https:\/\/afk-lembach.at\/oberkappel\/wp-json\/wp\/v2\/tags?post=3825"}],"curies":[{"name":"wp","href":"https:\/\/api.w.org\/{rel}","templated":true}]}}