{"id":3890,"date":"2020-03-05T21:37:49","date_gmt":"2020-03-05T20:37:49","guid":{"rendered":"http:\/\/afk-lembach.at\/oberkappel\/?p=3890"},"modified":"2020-03-05T21:37:49","modified_gmt":"2020-03-05T20:37:49","slug":"monatsuebung-februar-01-02","status":"publish","type":"post","link":"https:\/\/afk-lembach.at\/oberkappel\/2020\/03\/05\/monatsuebung-februar-01-02\/","title":{"rendered":"Monats\u00fcbung Februar (01.02.)"},"content":{"rendered":"<p>Von Alarmierung bis Einsatzende<\/p>\n<p style=\"text-align: justify\">Die \u00dcbung wurde in zwei Stationen gegliedert. 1. Station in der Fahrzeughalle bzw. Funkraum: Hier wurde von Niklas Schuster das Hauptaugenmerk auf die in allen Fahrzeugen gelagerten Einsatzunterlagen (Pl\u00e4ne, Unterlagen, Formulare, usw.) gelegt und das Warn- und Alarmsystem, sowie dessen Bedienung erkl\u00e4rt und alle n\u00f6tigen Schritte (im Falle einer Alarmierung, Ausfahrtsmeldung, Ausr\u00fcckordnung, usw.) durchgesprochen. 2. Station im Kommandoraum: Hier wurde von \u00dcbungsleiter Manuel L\u00f6ffler das Einsatzformular, der SYBOS T\u00e4tigkeitsbericht und alle notwendigen T\u00e4tigkeiten nach dem Einr\u00fccken ins Feuerwehrhaus aufgefrischt.<\/p>\n","protected":false},"excerpt":{"rendered":"<p>Von Alarmierung bis Einsatzende Die \u00dcbung wurde in zwei Stationen gegliedert. 1. Station in der Fahrzeughalle bzw. Funkraum: Hier wurde von Niklas Schuster das Hauptaugenmerk auf die in allen Fahrzeugen gelagerten Einsatzunterlagen (Pl\u00e4ne, Unterlagen, Formulare, usw.) gelegt und das Warn- und Alarmsystem, sowie dessen Bedienung erkl\u00e4rt und alle n\u00f6tigen Schritte (im Falle einer Alarmierung, Ausfahrtsmeldung, [&hellip;]<\/p>\n","protected":false},"author":11,"featured_media":0,"comment_status":"closed","ping_status":"closed","sticky":false,"template":"","format":"standard","meta":{"ngg_post_thumbnail":0,"footnotes":""},"categories":[5],"tags":[],"class_list":["post-3890","post","type-post","status-publish","format-standard","hentry","category-ubung"],"_links":{"self":[{"href":"https:\/\/afk-lembach.at\/oberkappel\/wp-json\/wp\/v2\/posts\/3890"}],"collection":[{"href":"https:\/\/afk-lembach.at\/oberkappel\/wp-json\/wp\/v2\/posts"}],"about":[{"href":"https:\/\/afk-lembach.at\/oberkappel\/wp-json\/wp\/v2\/types\/post"}],"author":[{"embeddable":true,"href":"https:\/\/afk-lembach.at\/oberkappel\/wp-json\/wp\/v2\/users\/11"}],"replies":[{"embeddable":true,"href":"https:\/\/afk-lembach.at\/oberkappel\/wp-json\/wp\/v2\/comments?post=3890"}],"version-history":[{"count":1,"href":"https:\/\/afk-lembach.at\/oberkappel\/wp-json\/wp\/v2\/posts\/3890\/revisions"}],"predecessor-version":[{"id":3891,"href":"https:\/\/afk-lembach.at\/oberkappel\/wp-json\/wp\/v2\/posts\/3890\/revisions\/3891"}],"wp:attachment":[{"href":"https:\/\/afk-lembach.at\/oberkappel\/wp-json\/wp\/v2\/media?parent=3890"}],"wp:term":[{"taxonomy":"category","embeddable":true,"href":"https:\/\/afk-lembach.at\/oberkappel\/wp-json\/wp\/v2\/categories?post=3890"},{"taxonomy":"post_tag","embeddable":true,"href":"https:\/\/afk-lembach.at\/oberkappel\/wp-json\/wp\/v2\/tags?post=3890"}],"curies":[{"name":"wp","href":"https:\/\/api.w.org\/{rel}","templated":true}]}}