{"id":3892,"date":"2020-03-06T12:00:00","date_gmt":"2020-03-06T11:00:00","guid":{"rendered":"http:\/\/afk-lembach.at\/oberkappel\/?p=3892"},"modified":"2020-03-05T21:40:48","modified_gmt":"2020-03-05T20:40:48","slug":"einsatz-verkehrsunfall","status":"publish","type":"post","link":"https:\/\/afk-lembach.at\/oberkappel\/2020\/03\/06\/einsatz-verkehrsunfall\/","title":{"rendered":"Einsatz Verkehrsunfall"},"content":{"rendered":"<p style=\"text-align: justify\">In mitten einer Geburtstagsgratulation einer Kommandoabordnung am 09.02.2020, wurden wir kurz nach 17:00 Uhr von der Landeswarnzentrale via Sirene und Telefonalarmierung, zu einem Verkehrsunfall zwischen Kl\u00e4ranlage und Landesgrenze (Gemeinde Wegscheid) als Unterst\u00fctzung der bereits im Einsatz stehenden deutschen Feuerwehren nachalarmiert. Daher konnten wir unverz\u00fcglich mit 19 Mann und allen drei Einsatzfahrzeugen ausr\u00fccken. Unsere Aufgabe beschr\u00e4nkte sich auf die Verkehrssicherung bzw. Errichtung einer Stra\u00dfensperre. Deswegen konnte ein Gro\u00dfteil der Mannschaft schnell wieder einr\u00fccken.<\/p>\n","protected":false},"excerpt":{"rendered":"<p>In mitten einer Geburtstagsgratulation einer Kommandoabordnung am 09.02.2020, wurden wir kurz nach 17:00 Uhr von der Landeswarnzentrale via Sirene und Telefonalarmierung, zu einem Verkehrsunfall zwischen Kl\u00e4ranlage und Landesgrenze (Gemeinde Wegscheid) als Unterst\u00fctzung der bereits im Einsatz stehenden deutschen Feuerwehren nachalarmiert. Daher konnten wir unverz\u00fcglich mit 19 Mann und allen drei Einsatzfahrzeugen ausr\u00fccken. Unsere Aufgabe beschr\u00e4nkte [&hellip;]<\/p>\n","protected":false},"author":11,"featured_media":0,"comment_status":"closed","ping_status":"closed","sticky":false,"template":"","format":"standard","meta":{"ngg_post_thumbnail":0,"footnotes":""},"categories":[4],"tags":[],"class_list":["post-3892","post","type-post","status-publish","format-standard","hentry","category-einsatz"],"_links":{"self":[{"href":"https:\/\/afk-lembach.at\/oberkappel\/wp-json\/wp\/v2\/posts\/3892"}],"collection":[{"href":"https:\/\/afk-lembach.at\/oberkappel\/wp-json\/wp\/v2\/posts"}],"about":[{"href":"https:\/\/afk-lembach.at\/oberkappel\/wp-json\/wp\/v2\/types\/post"}],"author":[{"embeddable":true,"href":"https:\/\/afk-lembach.at\/oberkappel\/wp-json\/wp\/v2\/users\/11"}],"replies":[{"embeddable":true,"href":"https:\/\/afk-lembach.at\/oberkappel\/wp-json\/wp\/v2\/comments?post=3892"}],"version-history":[{"count":1,"href":"https:\/\/afk-lembach.at\/oberkappel\/wp-json\/wp\/v2\/posts\/3892\/revisions"}],"predecessor-version":[{"id":3893,"href":"https:\/\/afk-lembach.at\/oberkappel\/wp-json\/wp\/v2\/posts\/3892\/revisions\/3893"}],"wp:attachment":[{"href":"https:\/\/afk-lembach.at\/oberkappel\/wp-json\/wp\/v2\/media?parent=3892"}],"wp:term":[{"taxonomy":"category","embeddable":true,"href":"https:\/\/afk-lembach.at\/oberkappel\/wp-json\/wp\/v2\/categories?post=3892"},{"taxonomy":"post_tag","embeddable":true,"href":"https:\/\/afk-lembach.at\/oberkappel\/wp-json\/wp\/v2\/tags?post=3892"}],"curies":[{"name":"wp","href":"https:\/\/api.w.org\/{rel}","templated":true}]}}