{"id":3895,"date":"2020-03-07T06:00:00","date_gmt":"2020-03-07T05:00:00","guid":{"rendered":"http:\/\/afk-lembach.at\/oberkappel\/?p=3895"},"modified":"2020-03-05T21:46:20","modified_gmt":"2020-03-05T20:46:20","slug":"einsatz-sturmschaeden-10-02","status":"publish","type":"post","link":"https:\/\/afk-lembach.at\/oberkappel\/2020\/03\/07\/einsatz-sturmschaeden-10-02\/","title":{"rendered":"Einsatz Sturmsch\u00e4den (10.02.)"},"content":{"rendered":"<p style=\"text-align: justify\">Auch wir wurden nicht von Sturmtief \u201cSabine\u201c verschont. Am Montag den 10.02.2020 um 08:59 Uhr wurden wir von der Landeswarnzentrale via Sirene und Telefonalarmierung\u00a0zur Beseitigung von Sturmsch\u00e4den bzw. Freimachen von Verkehrswegen bei Hoch\u00f6dt und bayr. Kappel gerufen. Die umgest\u00fcrzten B\u00e4ume wurden (tw. mit Hilfe von schwerem Ger\u00e4t \u2013 privaten Traktoren) entfernt und die Stra\u00dfen wieder freigegeben. Weitere kleine Schadenslagen (ausgeh\u00e4ngte Dachrinnen, Sicherung von Poolabdeckungen, usw.) rundeten den ereignisreichen Tag ab. Die FF Oberkappel war mit acht Kameraden etwas \u00fcber drei Stunden im Einsatz.<\/p>\n<p><strong>ngg_shortcode_0_placeholder<\/strong><\/p>\n","protected":false},"excerpt":{"rendered":"<p>Auch wir wurden nicht von Sturmtief \u201cSabine\u201c verschont. Am Montag den 10.02.2020 um 08:59 Uhr wurden wir von der Landeswarnzentrale via Sirene und Telefonalarmierung\u00a0zur Beseitigung von Sturmsch\u00e4den bzw. Freimachen von Verkehrswegen bei Hoch\u00f6dt und bayr. Kappel gerufen. Die umgest\u00fcrzten B\u00e4ume wurden (tw. mit Hilfe von schwerem Ger\u00e4t \u2013 privaten Traktoren) entfernt und die Stra\u00dfen wieder [&hellip;]<\/p>\n","protected":false},"author":11,"featured_media":0,"comment_status":"closed","ping_status":"closed","sticky":false,"template":"","format":"standard","meta":{"ngg_post_thumbnail":0,"footnotes":""},"categories":[4],"tags":[],"class_list":["post-3895","post","type-post","status-publish","format-standard","hentry","category-einsatz"],"_links":{"self":[{"href":"https:\/\/afk-lembach.at\/oberkappel\/wp-json\/wp\/v2\/posts\/3895"}],"collection":[{"href":"https:\/\/afk-lembach.at\/oberkappel\/wp-json\/wp\/v2\/posts"}],"about":[{"href":"https:\/\/afk-lembach.at\/oberkappel\/wp-json\/wp\/v2\/types\/post"}],"author":[{"embeddable":true,"href":"https:\/\/afk-lembach.at\/oberkappel\/wp-json\/wp\/v2\/users\/11"}],"replies":[{"embeddable":true,"href":"https:\/\/afk-lembach.at\/oberkappel\/wp-json\/wp\/v2\/comments?post=3895"}],"version-history":[{"count":2,"href":"https:\/\/afk-lembach.at\/oberkappel\/wp-json\/wp\/v2\/posts\/3895\/revisions"}],"predecessor-version":[{"id":3897,"href":"https:\/\/afk-lembach.at\/oberkappel\/wp-json\/wp\/v2\/posts\/3895\/revisions\/3897"}],"wp:attachment":[{"href":"https:\/\/afk-lembach.at\/oberkappel\/wp-json\/wp\/v2\/media?parent=3895"}],"wp:term":[{"taxonomy":"category","embeddable":true,"href":"https:\/\/afk-lembach.at\/oberkappel\/wp-json\/wp\/v2\/categories?post=3895"},{"taxonomy":"post_tag","embeddable":true,"href":"https:\/\/afk-lembach.at\/oberkappel\/wp-json\/wp\/v2\/tags?post=3895"}],"curies":[{"name":"wp","href":"https:\/\/api.w.org\/{rel}","templated":true}]}}