{"id":3902,"date":"2020-03-09T13:06:50","date_gmt":"2020-03-09T12:06:50","guid":{"rendered":"http:\/\/afk-lembach.at\/oberkappel\/?p=3902"},"modified":"2020-03-09T13:06:50","modified_gmt":"2020-03-09T12:06:50","slug":"monatsuebung-maerz-07-03","status":"publish","type":"post","link":"https:\/\/afk-lembach.at\/oberkappel\/2020\/03\/09\/monatsuebung-maerz-07-03\/","title":{"rendered":"Monats\u00fcbung M\u00e4rz (07.03.)"},"content":{"rendered":"<p style=\"text-align: justify\">Knotenkunde und die Handhabung der vorhandenen Mittel zur Absturzsicherung und Rettung, wurden in Theorie und Praxis durch \u00dcbungsleiter Dominik und Simon Hofmann erl\u00e4utert. Ebenso wurden die vorhandenen M\u00f6glichkeiten zur Beleuchtung (Lichtmast, Umfeldbeleuchtung, Scheinwerfer mit Stativ \u00fcber Notstromaggregat,..) wieder in Erinnerung gerufen und in der Praxis erprobt.<\/p>\n<p><strong>ngg_shortcode_0_placeholder<\/strong><\/p>\n","protected":false},"excerpt":{"rendered":"<p>Knotenkunde und die Handhabung der vorhandenen Mittel zur Absturzsicherung und Rettung, wurden in Theorie und Praxis durch \u00dcbungsleiter Dominik und Simon Hofmann erl\u00e4utert. Ebenso wurden die vorhandenen M\u00f6glichkeiten zur Beleuchtung (Lichtmast, Umfeldbeleuchtung, Scheinwerfer mit Stativ \u00fcber Notstromaggregat,..) wieder in Erinnerung gerufen und in der Praxis erprobt.<\/p>\n","protected":false},"author":11,"featured_media":0,"comment_status":"closed","ping_status":"closed","sticky":false,"template":"","format":"standard","meta":{"ngg_post_thumbnail":0,"footnotes":""},"categories":[5],"tags":[],"class_list":["post-3902","post","type-post","status-publish","format-standard","hentry","category-ubung"],"_links":{"self":[{"href":"https:\/\/afk-lembach.at\/oberkappel\/wp-json\/wp\/v2\/posts\/3902"}],"collection":[{"href":"https:\/\/afk-lembach.at\/oberkappel\/wp-json\/wp\/v2\/posts"}],"about":[{"href":"https:\/\/afk-lembach.at\/oberkappel\/wp-json\/wp\/v2\/types\/post"}],"author":[{"embeddable":true,"href":"https:\/\/afk-lembach.at\/oberkappel\/wp-json\/wp\/v2\/users\/11"}],"replies":[{"embeddable":true,"href":"https:\/\/afk-lembach.at\/oberkappel\/wp-json\/wp\/v2\/comments?post=3902"}],"version-history":[{"count":1,"href":"https:\/\/afk-lembach.at\/oberkappel\/wp-json\/wp\/v2\/posts\/3902\/revisions"}],"predecessor-version":[{"id":3903,"href":"https:\/\/afk-lembach.at\/oberkappel\/wp-json\/wp\/v2\/posts\/3902\/revisions\/3903"}],"wp:attachment":[{"href":"https:\/\/afk-lembach.at\/oberkappel\/wp-json\/wp\/v2\/media?parent=3902"}],"wp:term":[{"taxonomy":"category","embeddable":true,"href":"https:\/\/afk-lembach.at\/oberkappel\/wp-json\/wp\/v2\/categories?post=3902"},{"taxonomy":"post_tag","embeddable":true,"href":"https:\/\/afk-lembach.at\/oberkappel\/wp-json\/wp\/v2\/tags?post=3902"}],"curies":[{"name":"wp","href":"https:\/\/api.w.org\/{rel}","templated":true}]}}