{"id":3913,"date":"2020-03-16T21:39:06","date_gmt":"2020-03-16T20:39:06","guid":{"rendered":"http:\/\/afk-lembach.at\/oberkappel\/?p=3913"},"modified":"2020-03-16T21:39:06","modified_gmt":"2020-03-16T20:39:06","slug":"aktuelle-informationen-corona","status":"publish","type":"post","link":"https:\/\/afk-lembach.at\/oberkappel\/2020\/03\/16\/aktuelle-informationen-corona\/","title":{"rendered":"Aktuelle Informationen (Corona)"},"content":{"rendered":"<p style=\"text-align: justify\">Aufgrund der aktuellen Lage in \u00d6sterreich sind bei der Feuerwehr Oberkappel bis auf weiteres ALLE Termine (\u00dcbungen, Schulungen, Veranstaltungen, Ausr\u00fcckungen,&#8230;) ABGESAGT bzw. werden auf einen sp\u00e4teren Zeitpunkt verschoben.<\/p>\n<p>Dazu werden wir wieder zeitgerecht informieren.<\/p>\n<p>Aktuelle Infos und Handlungsanweisungen f\u00fcr die Feuerwehren und Feuerwehrmitglieder immer aktuell unter <a href=\"http:\/\/www.ooelfv.at\">http:\/\/www.ooelfv.at<\/a><\/p>\n","protected":false},"excerpt":{"rendered":"<p>Aufgrund der aktuellen Lage in \u00d6sterreich sind bei der Feuerwehr Oberkappel bis auf weiteres ALLE Termine (\u00dcbungen, Schulungen, Veranstaltungen, Ausr\u00fcckungen,&#8230;) ABGESAGT bzw. werden auf einen sp\u00e4teren Zeitpunkt verschoben. Dazu werden wir wieder zeitgerecht informieren. Aktuelle Infos und Handlungsanweisungen f\u00fcr die Feuerwehren und Feuerwehrmitglieder immer aktuell unter http:\/\/www.ooelfv.at<\/p>\n","protected":false},"author":11,"featured_media":0,"comment_status":"closed","ping_status":"closed","sticky":false,"template":"","format":"standard","meta":{"ngg_post_thumbnail":0,"footnotes":""},"categories":[1],"tags":[],"class_list":["post-3913","post","type-post","status-publish","format-standard","hentry","category-allgemein"],"_links":{"self":[{"href":"https:\/\/afk-lembach.at\/oberkappel\/wp-json\/wp\/v2\/posts\/3913"}],"collection":[{"href":"https:\/\/afk-lembach.at\/oberkappel\/wp-json\/wp\/v2\/posts"}],"about":[{"href":"https:\/\/afk-lembach.at\/oberkappel\/wp-json\/wp\/v2\/types\/post"}],"author":[{"embeddable":true,"href":"https:\/\/afk-lembach.at\/oberkappel\/wp-json\/wp\/v2\/users\/11"}],"replies":[{"embeddable":true,"href":"https:\/\/afk-lembach.at\/oberkappel\/wp-json\/wp\/v2\/comments?post=3913"}],"version-history":[{"count":1,"href":"https:\/\/afk-lembach.at\/oberkappel\/wp-json\/wp\/v2\/posts\/3913\/revisions"}],"predecessor-version":[{"id":3914,"href":"https:\/\/afk-lembach.at\/oberkappel\/wp-json\/wp\/v2\/posts\/3913\/revisions\/3914"}],"wp:attachment":[{"href":"https:\/\/afk-lembach.at\/oberkappel\/wp-json\/wp\/v2\/media?parent=3913"}],"wp:term":[{"taxonomy":"category","embeddable":true,"href":"https:\/\/afk-lembach.at\/oberkappel\/wp-json\/wp\/v2\/categories?post=3913"},{"taxonomy":"post_tag","embeddable":true,"href":"https:\/\/afk-lembach.at\/oberkappel\/wp-json\/wp\/v2\/tags?post=3913"}],"curies":[{"name":"wp","href":"https:\/\/api.w.org\/{rel}","templated":true}]}}