{"id":3949,"date":"2020-09-06T15:23:00","date_gmt":"2020-09-06T13:23:00","guid":{"rendered":"http:\/\/afk-lembach.at\/oberkappel\/?p=3949"},"modified":"2020-08-12T15:24:21","modified_gmt":"2020-08-12T13:24:21","slug":"sirenenprobealarm-landkreis-passau-am-10-september-2020","status":"publish","type":"post","link":"https:\/\/afk-lembach.at\/oberkappel\/2020\/09\/06\/sirenenprobealarm-landkreis-passau-am-10-september-2020\/","title":{"rendered":"Sirenenprobealarm Landkreis Passau am 10. September 2020"},"content":{"rendered":"\n<p style=\"text-align: justify\">Am <strong>Donnerstag, den 10.09.2020 ab 11:00 Uhr<\/strong> findet ein Sirenenprobealarm in weiten Teilen Bayerns statt. Der Probealarm dient dazu, die Funktionsf\u00e4higkeit des Sirenensystems zu \u00fcberpr\u00fcfen und die Bev\u00f6lkerung auf die Bedeutung der Sirenensignale hinzuweisen.<\/p>\n","protected":false},"excerpt":{"rendered":"<p>Am Donnerstag, den 10.09.2020 ab 11:00 Uhr findet ein Sirenenprobealarm in weiten Teilen Bayerns statt. Der Probealarm dient dazu, die Funktionsf\u00e4higkeit des Sirenensystems zu \u00fcberpr\u00fcfen und die Bev\u00f6lkerung auf die Bedeutung der Sirenensignale hinzuweisen.<\/p>\n","protected":false},"author":11,"featured_media":0,"comment_status":"closed","ping_status":"closed","sticky":false,"template":"","format":"standard","meta":{"ngg_post_thumbnail":0,"footnotes":""},"categories":[1],"tags":[],"class_list":["post-3949","post","type-post","status-publish","format-standard","hentry","category-allgemein"],"_links":{"self":[{"href":"https:\/\/afk-lembach.at\/oberkappel\/wp-json\/wp\/v2\/posts\/3949"}],"collection":[{"href":"https:\/\/afk-lembach.at\/oberkappel\/wp-json\/wp\/v2\/posts"}],"about":[{"href":"https:\/\/afk-lembach.at\/oberkappel\/wp-json\/wp\/v2\/types\/post"}],"author":[{"embeddable":true,"href":"https:\/\/afk-lembach.at\/oberkappel\/wp-json\/wp\/v2\/users\/11"}],"replies":[{"embeddable":true,"href":"https:\/\/afk-lembach.at\/oberkappel\/wp-json\/wp\/v2\/comments?post=3949"}],"version-history":[{"count":1,"href":"https:\/\/afk-lembach.at\/oberkappel\/wp-json\/wp\/v2\/posts\/3949\/revisions"}],"predecessor-version":[{"id":3950,"href":"https:\/\/afk-lembach.at\/oberkappel\/wp-json\/wp\/v2\/posts\/3949\/revisions\/3950"}],"wp:attachment":[{"href":"https:\/\/afk-lembach.at\/oberkappel\/wp-json\/wp\/v2\/media?parent=3949"}],"wp:term":[{"taxonomy":"category","embeddable":true,"href":"https:\/\/afk-lembach.at\/oberkappel\/wp-json\/wp\/v2\/categories?post=3949"},{"taxonomy":"post_tag","embeddable":true,"href":"https:\/\/afk-lembach.at\/oberkappel\/wp-json\/wp\/v2\/tags?post=3949"}],"curies":[{"name":"wp","href":"https:\/\/api.w.org\/{rel}","templated":true}]}}