{"id":3952,"date":"2020-08-13T17:19:32","date_gmt":"2020-08-13T15:19:32","guid":{"rendered":"http:\/\/afk-lembach.at\/oberkappel\/?p=3952"},"modified":"2020-08-13T17:24:17","modified_gmt":"2020-08-13T15:24:17","slug":"monatsuebung-august-07-08","status":"publish","type":"post","link":"https:\/\/afk-lembach.at\/oberkappel\/2020\/08\/13\/monatsuebung-august-07-08\/","title":{"rendered":"Monats\u00fcbung August (07.08.)"},"content":{"rendered":"\n<p style=\"text-align: justify\">Die \u00dcbungsverantwortlichen, Markus Zin\u00f6cker und Hannes Riepl, frischten bei den teilnehmenden Kameraden, das Wissen rund um die Tragkraftspritze und Einbaupumpe im Tankl\u00f6schfahrzeug wieder auf. In einem Stationsbetrieb wurde die richtige Handhabung und Bedienung der beiden Ger\u00e4te erl\u00e4utert, sowie in der Praxis (Ansaugen \u00fcber Hydrant, Schaumeinsatz \u00fcber Wasserwerfer,\u2026) durchgef\u00fchrt und damit der \u00dcbungszweck erreicht.<\/p>\n<p>\u00a0<\/p>\n","protected":false},"excerpt":{"rendered":"<p>Die \u00dcbungsverantwortlichen, Markus Zin\u00f6cker und Hannes Riepl, frischten bei den teilnehmenden Kameraden, das Wissen rund um die Tragkraftspritze und Einbaupumpe im Tankl\u00f6schfahrzeug wieder auf. In einem Stationsbetrieb wurde die richtige Handhabung und Bedienung der beiden Ger\u00e4te erl\u00e4utert, sowie in der Praxis (Ansaugen \u00fcber Hydrant, Schaumeinsatz \u00fcber Wasserwerfer,\u2026) durchgef\u00fchrt und damit der \u00dcbungszweck erreicht. \u00a0<\/p>\n","protected":false},"author":11,"featured_media":0,"comment_status":"closed","ping_status":"closed","sticky":false,"template":"","format":"standard","meta":{"ngg_post_thumbnail":0,"footnotes":""},"categories":[5],"tags":[],"class_list":["post-3952","post","type-post","status-publish","format-standard","hentry","category-ubung"],"_links":{"self":[{"href":"https:\/\/afk-lembach.at\/oberkappel\/wp-json\/wp\/v2\/posts\/3952"}],"collection":[{"href":"https:\/\/afk-lembach.at\/oberkappel\/wp-json\/wp\/v2\/posts"}],"about":[{"href":"https:\/\/afk-lembach.at\/oberkappel\/wp-json\/wp\/v2\/types\/post"}],"author":[{"embeddable":true,"href":"https:\/\/afk-lembach.at\/oberkappel\/wp-json\/wp\/v2\/users\/11"}],"replies":[{"embeddable":true,"href":"https:\/\/afk-lembach.at\/oberkappel\/wp-json\/wp\/v2\/comments?post=3952"}],"version-history":[{"count":4,"href":"https:\/\/afk-lembach.at\/oberkappel\/wp-json\/wp\/v2\/posts\/3952\/revisions"}],"predecessor-version":[{"id":3960,"href":"https:\/\/afk-lembach.at\/oberkappel\/wp-json\/wp\/v2\/posts\/3952\/revisions\/3960"}],"wp:attachment":[{"href":"https:\/\/afk-lembach.at\/oberkappel\/wp-json\/wp\/v2\/media?parent=3952"}],"wp:term":[{"taxonomy":"category","embeddable":true,"href":"https:\/\/afk-lembach.at\/oberkappel\/wp-json\/wp\/v2\/categories?post=3952"},{"taxonomy":"post_tag","embeddable":true,"href":"https:\/\/afk-lembach.at\/oberkappel\/wp-json\/wp\/v2\/tags?post=3952"}],"curies":[{"name":"wp","href":"https:\/\/api.w.org\/{rel}","templated":true}]}}