{"id":3961,"date":"2020-08-17T13:57:56","date_gmt":"2020-08-17T11:57:56","guid":{"rendered":"http:\/\/afk-lembach.at\/oberkappel\/?p=3961"},"modified":"2020-09-22T07:42:15","modified_gmt":"2020-09-22T05:42:15","slug":"disco-night-kirtag-2020","status":"publish","type":"post","link":"https:\/\/afk-lembach.at\/oberkappel\/2020\/08\/17\/disco-night-kirtag-2020\/","title":{"rendered":"DISCO-NIGHT\/Kirtag 2020"},"content":{"rendered":"\n<p style=\"text-align: justify\">Heuer findet <em><strong>KEINE<\/strong><\/em> DISCO-NIGHT und <em><strong>KEIN<\/strong><\/em> Fr\u00fch- bzw. D\u00e4mmerschoppen am Oberkappler Kirtag (05.\/06.09.2020) statt!<\/p>\n<p style=\"text-align: justify\">Nachdem schon vor l\u00e4ngerem klar war, dass auf Grund der aktuellen Bestimmungen bzgl. Covid 19 eine Durchf\u00fchrung der DISCO-NIGHT auf keinem Fall m\u00f6glich ist, kam jetzt auch das endg\u00fcltige AUS f\u00fcr eine kleine abgespeckte Variante des Fr\u00fchschoppens am Kirtag Sonntag. Unter den Voraussetzungen, der aktuellen Sicherheitsbestimmungen, sieht das Kommando auch eine derartige Veranstaltung als nicht zielf\u00fchrend.<\/p>\n<p style=\"text-align: justify\">Wir hoffen aber die Veranstaltung im n\u00e4chsten Jahr im gewohnten Umfang wieder durchf\u00fchren zu k\u00f6nnen und bedanken uns jetzt schon f\u00fcr Ihr Verst\u00e4ndnis und Ihre Unterst\u00fctzung!\u00a0\u00a0<\/p>\n","protected":false},"excerpt":{"rendered":"<p>Heuer findet KEINE DISCO-NIGHT und KEIN Fr\u00fch- bzw. D\u00e4mmerschoppen am Oberkappler Kirtag (05.\/06.09.2020) statt! Nachdem schon vor l\u00e4ngerem klar war, dass auf Grund der aktuellen Bestimmungen bzgl. Covid 19 eine Durchf\u00fchrung der DISCO-NIGHT auf keinem Fall m\u00f6glich ist, kam jetzt auch das endg\u00fcltige AUS f\u00fcr eine kleine abgespeckte Variante des Fr\u00fchschoppens am Kirtag Sonntag. Unter [&hellip;]<\/p>\n","protected":false},"author":11,"featured_media":0,"comment_status":"closed","ping_status":"closed","sticky":false,"template":"","format":"standard","meta":{"ngg_post_thumbnail":0,"footnotes":""},"categories":[1],"tags":[],"class_list":["post-3961","post","type-post","status-publish","format-standard","hentry","category-allgemein"],"_links":{"self":[{"href":"https:\/\/afk-lembach.at\/oberkappel\/wp-json\/wp\/v2\/posts\/3961"}],"collection":[{"href":"https:\/\/afk-lembach.at\/oberkappel\/wp-json\/wp\/v2\/posts"}],"about":[{"href":"https:\/\/afk-lembach.at\/oberkappel\/wp-json\/wp\/v2\/types\/post"}],"author":[{"embeddable":true,"href":"https:\/\/afk-lembach.at\/oberkappel\/wp-json\/wp\/v2\/users\/11"}],"replies":[{"embeddable":true,"href":"https:\/\/afk-lembach.at\/oberkappel\/wp-json\/wp\/v2\/comments?post=3961"}],"version-history":[{"count":5,"href":"https:\/\/afk-lembach.at\/oberkappel\/wp-json\/wp\/v2\/posts\/3961\/revisions"}],"predecessor-version":[{"id":3989,"href":"https:\/\/afk-lembach.at\/oberkappel\/wp-json\/wp\/v2\/posts\/3961\/revisions\/3989"}],"wp:attachment":[{"href":"https:\/\/afk-lembach.at\/oberkappel\/wp-json\/wp\/v2\/media?parent=3961"}],"wp:term":[{"taxonomy":"category","embeddable":true,"href":"https:\/\/afk-lembach.at\/oberkappel\/wp-json\/wp\/v2\/categories?post=3961"},{"taxonomy":"post_tag","embeddable":true,"href":"https:\/\/afk-lembach.at\/oberkappel\/wp-json\/wp\/v2\/tags?post=3961"}],"curies":[{"name":"wp","href":"https:\/\/api.w.org\/{rel}","templated":true}]}}