{"id":3990,"date":"2020-09-22T07:46:55","date_gmt":"2020-09-22T05:46:55","guid":{"rendered":"http:\/\/afk-lembach.at\/oberkappel\/?p=3990"},"modified":"2020-09-22T07:47:36","modified_gmt":"2020-09-22T05:47:36","slug":"ausflug-jugendgruppe-2","status":"publish","type":"post","link":"https:\/\/afk-lembach.at\/oberkappel\/2020\/09\/22\/ausflug-jugendgruppe-2\/","title":{"rendered":"Ausflug Jugendgruppe"},"content":{"rendered":"\n<p style=\"text-align: justify\">In einem sehr ruhigen Jahr, in dem alle Bewerbe aufgrund von Covid-19 abgesagt werden mussten, organisierten unsere Jugendbetreuer Robert Amerstorfer und Niklas Schuster als Abwechslung, und um die Zeit nicht ganz ohne Feuerwehrbezug zu verbringen, einen kleinen Ausflug.\u00a0<\/p>\n<p style=\"text-align: justify\">Am Freitag den 21.08. ging es nach \u201cSchattental\u201c (Kramesau) um mit dem Feuerwehrrettungsboot der FF Rannariedl die Donau zu erkunden. Kapit\u00e4n Robert Gierlinger brachte den Jugendlichen nicht nur Seemannsgarn, sondern auch alles Wissenswerte zu den Einsatzm\u00f6glichkeiten der Feuerwehr am Wasser bei. Als H\u00f6hepunkt durften die Jugendlichen auch mal kurz selbst die Steuerung \u00fcbernehmen und vollen Schub geben. Als Abschlu\u00df gab es im Radler-Treff in Niederranna noch eine kurze St\u00e4rkung f\u00fcr alle.<\/p>\n<p style=\"text-align: justify\">Herzlichen Dank an unsere Jugendbetreuer, f\u00fcr die Organisation bzw. Durchf\u00fchrung des Ausfluges und an Abschnittskommandant Robert Gierlinger f\u00fcr seine Unterst\u00fctzung!<\/p>\n<p><strong>ngg_shortcode_0_placeholder<\/strong><\/p>\n","protected":false},"excerpt":{"rendered":"<p>In einem sehr ruhigen Jahr, in dem alle Bewerbe aufgrund von Covid-19 abgesagt werden mussten, organisierten unsere Jugendbetreuer Robert Amerstorfer und Niklas Schuster als Abwechslung, und um die Zeit nicht ganz ohne Feuerwehrbezug zu verbringen, einen kleinen Ausflug.\u00a0 Am Freitag den 21.08. ging es nach \u201cSchattental\u201c (Kramesau) um mit dem Feuerwehrrettungsboot der FF Rannariedl die [&hellip;]<\/p>\n","protected":false},"author":11,"featured_media":0,"comment_status":"closed","ping_status":"closed","sticky":false,"template":"","format":"standard","meta":{"ngg_post_thumbnail":0,"footnotes":""},"categories":[9],"tags":[],"class_list":["post-3990","post","type-post","status-publish","format-standard","hentry","category-jugend"],"_links":{"self":[{"href":"https:\/\/afk-lembach.at\/oberkappel\/wp-json\/wp\/v2\/posts\/3990"}],"collection":[{"href":"https:\/\/afk-lembach.at\/oberkappel\/wp-json\/wp\/v2\/posts"}],"about":[{"href":"https:\/\/afk-lembach.at\/oberkappel\/wp-json\/wp\/v2\/types\/post"}],"author":[{"embeddable":true,"href":"https:\/\/afk-lembach.at\/oberkappel\/wp-json\/wp\/v2\/users\/11"}],"replies":[{"embeddable":true,"href":"https:\/\/afk-lembach.at\/oberkappel\/wp-json\/wp\/v2\/comments?post=3990"}],"version-history":[{"count":3,"href":"https:\/\/afk-lembach.at\/oberkappel\/wp-json\/wp\/v2\/posts\/3990\/revisions"}],"predecessor-version":[{"id":3993,"href":"https:\/\/afk-lembach.at\/oberkappel\/wp-json\/wp\/v2\/posts\/3990\/revisions\/3993"}],"wp:attachment":[{"href":"https:\/\/afk-lembach.at\/oberkappel\/wp-json\/wp\/v2\/media?parent=3990"}],"wp:term":[{"taxonomy":"category","embeddable":true,"href":"https:\/\/afk-lembach.at\/oberkappel\/wp-json\/wp\/v2\/categories?post=3990"},{"taxonomy":"post_tag","embeddable":true,"href":"https:\/\/afk-lembach.at\/oberkappel\/wp-json\/wp\/v2\/tags?post=3990"}],"curies":[{"name":"wp","href":"https:\/\/api.w.org\/{rel}","templated":true}]}}